{"id":1956,"date":"2019-12-10T11:08:28","date_gmt":"2019-12-10T11:08:28","guid":{"rendered":"http:\/\/www.sucarn.es\/?p=1956"},"modified":"2020-03-05T17:32:17","modified_gmt":"2020-03-05T17:32:17","slug":"sucarn-llanca-una-seleccio-premium-de-carns-madurades-sota-la-marca-gustas-per-a-la-campanya-nadalenca","status":"publish","type":"post","link":"https:\/\/www.sucarn.es\/ca\/sucarn-llanca-una-seleccio-premium-de-carns-madurades-sota-la-marca-gustas-per-a-la-campanya-nadalenca\/","title":{"rendered":"Sucarn llan\u00e7a una selecci\u00f3 premium de carns madurades sota la marca \u201cGustas\u201d, per a la campanya nadalenca"},"content":{"rendered":"<p><strong>La companyia especialitzada en la comercialitzaci\u00f3 majorista de productes carnis i derivats, SUCARN, presenta una selecci\u00f3 premium de carn de vaca madurada i, per primera vegada, orientada a la campanya nadalenca. La gama, sota la marca de Sucarn per als seus productes selectes<a href=\"https:\/\/www.sucarn.es\/ca\/les-nostres-marques\/?lang=ca\"> \u201cGustas\u201d<\/a>, presenta lloms madurats fins a 35 dies. <\/strong><\/p>\n<blockquote><p><strong>\u201cHem apostat per aquest producte que, per la seva exquisidesa i qualitat, se situa a l\u2019elit de les carns madurades. Volem donar resposta a la demanda gastron\u00f2mica que existeix ara al mercat per aquest producte\u201d<\/strong><strong><br \/>\n<\/strong><\/p>\n<p><strong>Sucarn<\/strong><\/p><\/blockquote>\n<p><a href=\"https:\/\/www.sucarn.es\/ca\/sucarn-empresa-majorista-de-carn-a-mercabarna-servei-restauracio\/?lang=ca\"><strong>Sucarn<\/strong><\/a>, sota la marca d\u2019alta gama<strong> \u201cGustas\u201d,<\/strong> presenta per primera <img fetchpriority=\"high\" decoding=\"async\" class=\"alignleft wp-image-1927\" src=\"http:\/\/www.sucarn.es\/wp-content\/uploads\/2019\/12\/foto-SUCARN.jpeg\" alt=\"Sucarn llan\u00e7a una selecci\u00f3 de carns madurades per a la campanya nadalenca\" width=\"295\" height=\"394\" srcset=\"https:\/\/www.sucarn.es\/wp-content\/uploads\/2019\/12\/foto-SUCARN.jpeg 768w, https:\/\/www.sucarn.es\/wp-content\/uploads\/2019\/12\/foto-SUCARN-600x800.jpeg 600w, https:\/\/www.sucarn.es\/wp-content\/uploads\/2019\/12\/foto-SUCARN-225x300.jpeg 225w\" sizes=\"(max-width: 295px) 100vw, 295px\" \/>vegada per a la campanya nadalenca una selecci\u00f3 exclusiva de peces de carn de vaca madurada, de primera qualitat. S\u00f3n lloms d\u2019entre 28 i 30 Kg amb una maduraci\u00f3 d\u2019entre 30 i 35 dies. El proc\u00e9s es realitza <strong><em>\u201cen una cambra en condicions \u00f2ptimes de temperatura i sota un control d\u2019higiene i assecat molt estricte\u201d, <\/em><\/strong>puntualitza Valent\u00edn Choya, director general de Sucarn.<\/p>\n<p>Cal afegir que cada pe\u00e7a ha estat curosament seleccionada i, per aix\u00f2, totes elles presenten una infiltraci\u00f3 excel.lent d\u2019entre 4 i 5 graus (en una escala: 1 a 5).<\/p>\n<blockquote><p>\u201c<strong><em>Creiem que l\u2019excepcionalitat de la seva qualitat i sabor satisfar\u00e0 la demanda gastron\u00f2mica que ara hi ha en el mercat per les carns madurades. Oferim un producte \u00fanic d\u2019una qualitat gustativa extraordin\u00e0ria\u201d<\/em><\/strong><\/p>\n<p>Valent\u00edn Choya, director general de Sucarn<\/p><\/blockquote>\n<h4><strong>Concentraci\u00f3 extraordin\u00e0ria de sabor<\/strong><\/h4>\n<p>Valent\u00edn Choya explica que \u201c<strong><em>l\u2019elevat grau d\u2019infiltraci\u00f3 de greix que ofereix la nostra carn expost a una cuidada maduraci\u00f3 permet una concentraci\u00f3 de sabor i aroma pr\u00e0cticament \u00fanics i una textura molt tendra\u201d.<\/em><\/strong>\u00a0 Pel que fa a l\u2019evoluci\u00f3 en cambra, Choya indica que <strong><em>\u201cels terminis de maduraci\u00f3, sota les condicions amb les quals nosaltres treballem, aporten al producte sucul\u00e8ncia i una textura molt tendra. A m\u00e9s, a partir dels 21 dies, la maduraci\u00f3 contribueix a intensificar el sabor!\u201d.<\/em><\/strong><\/p>\n<h4><strong>Les claus dels productes madurats de Sucarn s\u00f3n:<br \/>\n<\/strong><\/h4>\n<ul>\n<li><strong>L\u2019elecci\u00f3 dels talls. S\u00f3n carns molt infiltrades en greix, i que procedeixen d\u2019animals que viuen en condicions excel.lents.<\/strong><\/li>\n<li><strong>Els rigorosos controls durant tot el proc\u00e9s de maduraci\u00f3 de la temperatura, higiene, assecat i humitat.\u00a0 <\/strong><\/li>\n<\/ul>\n<p>Aquesta companyia, amb una experi\u00e8ncia de 35 anys en el sector carni, porta preparant la seva entrada en el mercat de les carns madurades durant un any.<\/p>\n<blockquote><p>\u00a0\u201cLa nostra aposta \u00e9s oferir els millors talls madurats que es poden trobar al mercat espanyol\u201d<\/p>\n<p>Valent\u00edn Choya<\/p><\/blockquote>\n<h4><strong>Especialitat de Sucarn<\/strong><\/h4>\n<p><strong>Sucarn<\/strong> est\u00e0 especialitzada, sobretot, en carns de bov\u00ed, ov\u00ed i cabrum d\u2019importaci\u00f3 aix\u00ed com en un extens cat\u00e0leg de carns ex\u00f2tiques. De la seva oferta, destaquen productes com el seu excel.lent i conegut bra\u00f3 de porc cuinat &#8220;estil alemany&#8221; amb m\u00e9s de 15 anys de pres\u00e8ncia al mercat. \u00c9s una empresa innovadora que ha introdu\u00eft en el mercat espanyol, des de fa molts anys, molts talls de carn.<br \/>\nD\u2019aquesta empresa majorista que distribueix a tota Espanya, destaca l\u2019ampli ventall de productes que disposa i la capacitat per oferir a cada client all\u00f2 que demanda, \u201c<em>fins i tot\u00a0quan es tracta de talls que no s\u00f3n habituals al nostre mercat\u201d. <\/em>Des de la seu central a Barcelona i les delegacions comercials a Madrid, Val\u00e8ncia, Vigo, Sant Sebasti\u00e0, Albacete i Torrevieja,<a href=\"https:\/\/www.sucarn.es\/ca\/logistica\/?lang=ca\"> <strong>Sucarn<\/strong> <\/a>distribueix amb regularitat a m\u00e9s de 700 clients.<\/p>\n","protected":false},"excerpt":{"rendered":"<p>La companyia especialitzada en la comercialitzaci\u00f3 majorista de productes carnis i derivats, SUCARN, presenta una selecci\u00f3 premium de carn de vaca madurada i, per primera vegada, orientada a la campanya nadalenca. La gama, sota la marca de Sucarn per als seus productes selectes \u201cGustas\u201d, presenta lloms madurats fins a 35 dies. \u201cHem apostat per aquest &hellip;<\/p>\n<p class=\"read-more\"> <a class=\"\" href=\"https:\/\/www.sucarn.es\/ca\/sucarn-llanca-una-seleccio-premium-de-carns-madurades-sota-la-marca-gustas-per-a-la-campanya-nadalenca\/\"> <span class=\"screen-reader-text\">Sucarn llan\u00e7a una selecci\u00f3 premium de carns madurades sota la marca \u201cGustas\u201d, per a la campanya nadalenca<\/span> Read More \u00bb<\/a><\/p>\n","protected":false},"author":2,"featured_media":0,"comment_status":"closed","ping_status":"closed","sticky":false,"template":"","format":"image","meta":{"footnotes":""},"categories":[34],"tags":[46,47,39,141,40],"class_list":["post-1956","post","type-post","status-publish","format-image","hentry","category-noticies","tag-campanya-nadalenca","tag-carns-madurades","tag-gustas","tag-sucarn-ca","tag-valentin-choya","post_format-post-format-image","align-left","box-shadow-0","box-shadow-0-hover","ast-product-gallery-layout-horizontal","ast-product-gallery-with-no-image","ast-product-tabs-layout-horizontal"],"yoast_head":"<!-- This site is optimized with the Yoast SEO plugin v27.3 - https:\/\/yoast.com\/product\/yoast-seo-wordpress\/ -->\n<title>Sucarn llan\u00e7a una selecci\u00f3 premium de carns madurades sota la marca \u201cGustas\u201d, per a la campanya nadalenca - Bienvenido<\/title>\n<meta name=\"robots\" content=\"index, follow, max-snippet:-1, max-image-preview:large, max-video-preview:-1\" \/>\n<link rel=\"canonical\" href=\"https:\/\/www.sucarn.es\/ca\/sucarn-lanza-una-seleccion-premium-de-carnes-maduradas-para-la-campana-navidena\/\" \/>\n<meta property=\"og:locale\" content=\"ca_ES\" \/>\n<meta property=\"og:type\" content=\"article\" \/>\n<meta property=\"og:title\" content=\"Sucarn llan\u00e7a una selecci\u00f3 premium de carns madurades sota la marca \u201cGustas\u201d, per a la campanya nadalenca - Bienvenido\" \/>\n<meta property=\"og:description\" content=\"La companyia especialitzada en la comercialitzaci\u00f3 majorista de productes carnis i derivats, SUCARN, presenta una selecci\u00f3 premium de carn de vaca madurada i, per primera vegada, orientada a la campanya nadalenca. La gama, sota la marca de Sucarn per als seus productes selectes \u201cGustas\u201d, presenta lloms madurats fins a 35 dies. \u201cHem apostat per aquest &hellip; Sucarn llan\u00e7a una selecci\u00f3 premium de carns madurades sota la marca \u201cGustas\u201d, per a la campanya nadalenca Read More \u00bb\" \/>\n<meta property=\"og:url\" content=\"https:\/\/www.sucarn.es\/sucarn-lanza-una-seleccion-premium-de-carnes-maduradas-para-la-campana-navidena\/\" \/>\n<meta property=\"og:site_name\" content=\"Bienvenido\" \/>\n<meta property=\"article:published_time\" content=\"2019-12-10T11:08:28+00:00\" \/>\n<meta property=\"article:modified_time\" content=\"2020-03-05T17:32:17+00:00\" \/>\n<meta property=\"og:image\" content=\"http:\/\/www.sucarn.es\/wp-content\/uploads\/2019\/12\/foto-SUCARN.jpeg\" \/>\n<meta name=\"author\" content=\"Sucarn\" \/>\n<meta name=\"twitter:card\" content=\"summary_large_image\" \/>\n<meta name=\"twitter:label1\" content=\"Escrit per\" \/>\n\t<meta name=\"twitter:data1\" content=\"Sucarn\" \/>\n\t<meta name=\"twitter:label2\" content=\"Temps estimat de lectura\" \/>\n\t<meta name=\"twitter:data2\" content=\"3 minuts\" \/>\n<script type=\"application\/ld+json\" class=\"yoast-schema-graph\">{\"@context\":\"https:\\\/\\\/schema.org\",\"@graph\":[{\"@type\":\"Article\",\"@id\":\"https:\\\/\\\/www.sucarn.es\\\/sucarn-lanza-una-seleccion-premium-de-carnes-maduradas-para-la-campana-navidena\\\/#article\",\"isPartOf\":{\"@id\":\"https:\\\/\\\/www.sucarn.es\\\/sucarn-lanza-una-seleccion-premium-de-carnes-maduradas-para-la-campana-navidena\\\/\"},\"author\":{\"name\":\"Sucarn\",\"@id\":\"https:\\\/\\\/www.sucarn.es\\\/#\\\/schema\\\/person\\\/bb166bc856ffb1bb5634ddf0baa2ebe5\"},\"headline\":\"Sucarn llan\u00e7a una selecci\u00f3 premium de carns madurades sota la marca \u201cGustas\u201d, per a la campanya nadalenca\",\"datePublished\":\"2019-12-10T11:08:28+00:00\",\"dateModified\":\"2020-03-05T17:32:17+00:00\",\"mainEntityOfPage\":{\"@id\":\"https:\\\/\\\/www.sucarn.es\\\/sucarn-lanza-una-seleccion-premium-de-carnes-maduradas-para-la-campana-navidena\\\/\"},\"wordCount\":586,\"publisher\":{\"@id\":\"https:\\\/\\\/www.sucarn.es\\\/#organization\"},\"image\":{\"@id\":\"https:\\\/\\\/www.sucarn.es\\\/sucarn-lanza-una-seleccion-premium-de-carnes-maduradas-para-la-campana-navidena\\\/#primaryimage\"},\"thumbnailUrl\":\"http:\\\/\\\/www.sucarn.es\\\/wp-content\\\/uploads\\\/2019\\\/12\\\/foto-SUCARN.jpeg\",\"keywords\":[\"campanya nadalenca\",\"carns madurades\",\"Gustas\",\"Sucarn\",\"Valent\u00edn Choya\"],\"articleSection\":[\"Not\u00edcies\"],\"inLanguage\":\"ca\"},{\"@type\":\"WebPage\",\"@id\":\"https:\\\/\\\/www.sucarn.es\\\/sucarn-lanza-una-seleccion-premium-de-carnes-maduradas-para-la-campana-navidena\\\/\",\"url\":\"https:\\\/\\\/www.sucarn.es\\\/sucarn-lanza-una-seleccion-premium-de-carnes-maduradas-para-la-campana-navidena\\\/\",\"name\":\"Sucarn llan\u00e7a una selecci\u00f3 premium de carns madurades sota la marca \u201cGustas\u201d, per a la campanya nadalenca - Bienvenido\",\"isPartOf\":{\"@id\":\"https:\\\/\\\/www.sucarn.es\\\/#website\"},\"primaryImageOfPage\":{\"@id\":\"https:\\\/\\\/www.sucarn.es\\\/sucarn-lanza-una-seleccion-premium-de-carnes-maduradas-para-la-campana-navidena\\\/#primaryimage\"},\"image\":{\"@id\":\"https:\\\/\\\/www.sucarn.es\\\/sucarn-lanza-una-seleccion-premium-de-carnes-maduradas-para-la-campana-navidena\\\/#primaryimage\"},\"thumbnailUrl\":\"http:\\\/\\\/www.sucarn.es\\\/wp-content\\\/uploads\\\/2019\\\/12\\\/foto-SUCARN.jpeg\",\"datePublished\":\"2019-12-10T11:08:28+00:00\",\"dateModified\":\"2020-03-05T17:32:17+00:00\",\"breadcrumb\":{\"@id\":\"https:\\\/\\\/www.sucarn.es\\\/sucarn-lanza-una-seleccion-premium-de-carnes-maduradas-para-la-campana-navidena\\\/#breadcrumb\"},\"inLanguage\":\"ca\",\"potentialAction\":[{\"@type\":\"ReadAction\",\"target\":[\"https:\\\/\\\/www.sucarn.es\\\/sucarn-lanza-una-seleccion-premium-de-carnes-maduradas-para-la-campana-navidena\\\/\"]}]},{\"@type\":\"ImageObject\",\"inLanguage\":\"ca\",\"@id\":\"https:\\\/\\\/www.sucarn.es\\\/sucarn-lanza-una-seleccion-premium-de-carnes-maduradas-para-la-campana-navidena\\\/#primaryimage\",\"url\":\"http:\\\/\\\/www.sucarn.es\\\/wp-content\\\/uploads\\\/2019\\\/12\\\/foto-SUCARN.jpeg\",\"contentUrl\":\"http:\\\/\\\/www.sucarn.es\\\/wp-content\\\/uploads\\\/2019\\\/12\\\/foto-SUCARN.jpeg\"},{\"@type\":\"BreadcrumbList\",\"@id\":\"https:\\\/\\\/www.sucarn.es\\\/sucarn-lanza-una-seleccion-premium-de-carnes-maduradas-para-la-campana-navidena\\\/#breadcrumb\",\"itemListElement\":[{\"@type\":\"ListItem\",\"position\":1,\"name\":\"Home\",\"item\":\"https:\\\/\\\/www.sucarn.es\\\/ca\\\/\"},{\"@type\":\"ListItem\",\"position\":2,\"name\":\"Sucarn llan\u00e7a una selecci\u00f3 premium de carns madurades sota la marca \u201cGustas\u201d, per a la campanya nadalenca\"}]},{\"@type\":\"WebSite\",\"@id\":\"https:\\\/\\\/www.sucarn.es\\\/#website\",\"url\":\"https:\\\/\\\/www.sucarn.es\\\/\",\"name\":\"Sucarn\",\"description\":\"Sucarn\",\"publisher\":{\"@id\":\"https:\\\/\\\/www.sucarn.es\\\/#organization\"},\"potentialAction\":[{\"@type\":\"SearchAction\",\"target\":{\"@type\":\"EntryPoint\",\"urlTemplate\":\"https:\\\/\\\/www.sucarn.es\\\/?s={search_term_string}\"},\"query-input\":{\"@type\":\"PropertyValueSpecification\",\"valueRequired\":true,\"valueName\":\"search_term_string\"}}],\"inLanguage\":\"ca\"},{\"@type\":\"Organization\",\"@id\":\"https:\\\/\\\/www.sucarn.es\\\/#organization\",\"name\":\"Sucarn\",\"url\":\"https:\\\/\\\/www.sucarn.es\\\/\",\"logo\":{\"@type\":\"ImageObject\",\"inLanguage\":\"ca\",\"@id\":\"https:\\\/\\\/www.sucarn.es\\\/#\\\/schema\\\/logo\\\/image\\\/\",\"url\":\"https:\\\/\\\/www.sucarn.es\\\/wp-content\\\/uploads\\\/2018\\\/03\\\/LOGO_SUCARN.png\",\"contentUrl\":\"https:\\\/\\\/www.sucarn.es\\\/wp-content\\\/uploads\\\/2018\\\/03\\\/LOGO_SUCARN.png\",\"width\":300,\"height\":93,\"caption\":\"Sucarn\"},\"image\":{\"@id\":\"https:\\\/\\\/www.sucarn.es\\\/#\\\/schema\\\/logo\\\/image\\\/\"}},{\"@type\":\"Person\",\"@id\":\"https:\\\/\\\/www.sucarn.es\\\/#\\\/schema\\\/person\\\/bb166bc856ffb1bb5634ddf0baa2ebe5\",\"name\":\"Sucarn\",\"url\":\"https:\\\/\\\/www.sucarn.es\\\/ca\\\/author\\\/sucarn\\\/\"}]}<\/script>\n<!-- \/ Yoast SEO plugin. -->","yoast_head_json":{"title":"Sucarn llan\u00e7a una selecci\u00f3 premium de carns madurades sota la marca \u201cGustas\u201d, per a la campanya nadalenca - Bienvenido","robots":{"index":"index","follow":"follow","max-snippet":"max-snippet:-1","max-image-preview":"max-image-preview:large","max-video-preview":"max-video-preview:-1"},"canonical":"https:\/\/www.sucarn.es\/ca\/sucarn-lanza-una-seleccion-premium-de-carnes-maduradas-para-la-campana-navidena\/","og_locale":"ca_ES","og_type":"article","og_title":"Sucarn llan\u00e7a una selecci\u00f3 premium de carns madurades sota la marca \u201cGustas\u201d, per a la campanya nadalenca - Bienvenido","og_description":"La companyia especialitzada en la comercialitzaci\u00f3 majorista de productes carnis i derivats, SUCARN, presenta una selecci\u00f3 premium de carn de vaca madurada i, per primera vegada, orientada a la campanya nadalenca. La gama, sota la marca de Sucarn per als seus productes selectes \u201cGustas\u201d, presenta lloms madurats fins a 35 dies. \u201cHem apostat per aquest &hellip; Sucarn llan\u00e7a una selecci\u00f3 premium de carns madurades sota la marca \u201cGustas\u201d, per a la campanya nadalenca Read More \u00bb","og_url":"https:\/\/www.sucarn.es\/sucarn-lanza-una-seleccion-premium-de-carnes-maduradas-para-la-campana-navidena\/","og_site_name":"Bienvenido","article_published_time":"2019-12-10T11:08:28+00:00","article_modified_time":"2020-03-05T17:32:17+00:00","og_image":[{"url":"http:\/\/www.sucarn.es\/wp-content\/uploads\/2019\/12\/foto-SUCARN.jpeg","type":"","width":"","height":""}],"author":"Sucarn","twitter_card":"summary_large_image","twitter_misc":{"Escrit per":"Sucarn","Temps estimat de lectura":"3 minuts"},"schema":{"@context":"https:\/\/schema.org","@graph":[{"@type":"Article","@id":"https:\/\/www.sucarn.es\/sucarn-lanza-una-seleccion-premium-de-carnes-maduradas-para-la-campana-navidena\/#article","isPartOf":{"@id":"https:\/\/www.sucarn.es\/sucarn-lanza-una-seleccion-premium-de-carnes-maduradas-para-la-campana-navidena\/"},"author":{"name":"Sucarn","@id":"https:\/\/www.sucarn.es\/#\/schema\/person\/bb166bc856ffb1bb5634ddf0baa2ebe5"},"headline":"Sucarn llan\u00e7a una selecci\u00f3 premium de carns madurades sota la marca \u201cGustas\u201d, per a la campanya nadalenca","datePublished":"2019-12-10T11:08:28+00:00","dateModified":"2020-03-05T17:32:17+00:00","mainEntityOfPage":{"@id":"https:\/\/www.sucarn.es\/sucarn-lanza-una-seleccion-premium-de-carnes-maduradas-para-la-campana-navidena\/"},"wordCount":586,"publisher":{"@id":"https:\/\/www.sucarn.es\/#organization"},"image":{"@id":"https:\/\/www.sucarn.es\/sucarn-lanza-una-seleccion-premium-de-carnes-maduradas-para-la-campana-navidena\/#primaryimage"},"thumbnailUrl":"http:\/\/www.sucarn.es\/wp-content\/uploads\/2019\/12\/foto-SUCARN.jpeg","keywords":["campanya nadalenca","carns madurades","Gustas","Sucarn","Valent\u00edn Choya"],"articleSection":["Not\u00edcies"],"inLanguage":"ca"},{"@type":"WebPage","@id":"https:\/\/www.sucarn.es\/sucarn-lanza-una-seleccion-premium-de-carnes-maduradas-para-la-campana-navidena\/","url":"https:\/\/www.sucarn.es\/sucarn-lanza-una-seleccion-premium-de-carnes-maduradas-para-la-campana-navidena\/","name":"Sucarn llan\u00e7a una selecci\u00f3 premium de carns madurades sota la marca \u201cGustas\u201d, per a la campanya nadalenca - Bienvenido","isPartOf":{"@id":"https:\/\/www.sucarn.es\/#website"},"primaryImageOfPage":{"@id":"https:\/\/www.sucarn.es\/sucarn-lanza-una-seleccion-premium-de-carnes-maduradas-para-la-campana-navidena\/#primaryimage"},"image":{"@id":"https:\/\/www.sucarn.es\/sucarn-lanza-una-seleccion-premium-de-carnes-maduradas-para-la-campana-navidena\/#primaryimage"},"thumbnailUrl":"http:\/\/www.sucarn.es\/wp-content\/uploads\/2019\/12\/foto-SUCARN.jpeg","datePublished":"2019-12-10T11:08:28+00:00","dateModified":"2020-03-05T17:32:17+00:00","breadcrumb":{"@id":"https:\/\/www.sucarn.es\/sucarn-lanza-una-seleccion-premium-de-carnes-maduradas-para-la-campana-navidena\/#breadcrumb"},"inLanguage":"ca","potentialAction":[{"@type":"ReadAction","target":["https:\/\/www.sucarn.es\/sucarn-lanza-una-seleccion-premium-de-carnes-maduradas-para-la-campana-navidena\/"]}]},{"@type":"ImageObject","inLanguage":"ca","@id":"https:\/\/www.sucarn.es\/sucarn-lanza-una-seleccion-premium-de-carnes-maduradas-para-la-campana-navidena\/#primaryimage","url":"http:\/\/www.sucarn.es\/wp-content\/uploads\/2019\/12\/foto-SUCARN.jpeg","contentUrl":"http:\/\/www.sucarn.es\/wp-content\/uploads\/2019\/12\/foto-SUCARN.jpeg"},{"@type":"BreadcrumbList","@id":"https:\/\/www.sucarn.es\/sucarn-lanza-una-seleccion-premium-de-carnes-maduradas-para-la-campana-navidena\/#breadcrumb","itemListElement":[{"@type":"ListItem","position":1,"name":"Home","item":"https:\/\/www.sucarn.es\/ca\/"},{"@type":"ListItem","position":2,"name":"Sucarn llan\u00e7a una selecci\u00f3 premium de carns madurades sota la marca \u201cGustas\u201d, per a la campanya nadalenca"}]},{"@type":"WebSite","@id":"https:\/\/www.sucarn.es\/#website","url":"https:\/\/www.sucarn.es\/","name":"Sucarn","description":"Sucarn","publisher":{"@id":"https:\/\/www.sucarn.es\/#organization"},"potentialAction":[{"@type":"SearchAction","target":{"@type":"EntryPoint","urlTemplate":"https:\/\/www.sucarn.es\/?s={search_term_string}"},"query-input":{"@type":"PropertyValueSpecification","valueRequired":true,"valueName":"search_term_string"}}],"inLanguage":"ca"},{"@type":"Organization","@id":"https:\/\/www.sucarn.es\/#organization","name":"Sucarn","url":"https:\/\/www.sucarn.es\/","logo":{"@type":"ImageObject","inLanguage":"ca","@id":"https:\/\/www.sucarn.es\/#\/schema\/logo\/image\/","url":"https:\/\/www.sucarn.es\/wp-content\/uploads\/2018\/03\/LOGO_SUCARN.png","contentUrl":"https:\/\/www.sucarn.es\/wp-content\/uploads\/2018\/03\/LOGO_SUCARN.png","width":300,"height":93,"caption":"Sucarn"},"image":{"@id":"https:\/\/www.sucarn.es\/#\/schema\/logo\/image\/"}},{"@type":"Person","@id":"https:\/\/www.sucarn.es\/#\/schema\/person\/bb166bc856ffb1bb5634ddf0baa2ebe5","name":"Sucarn","url":"https:\/\/www.sucarn.es\/ca\/author\/sucarn\/"}]}},"_links":{"self":[{"href":"https:\/\/www.sucarn.es\/ca\/wp-json\/wp\/v2\/posts\/1956","targetHints":{"allow":["GET"]}}],"collection":[{"href":"https:\/\/www.sucarn.es\/ca\/wp-json\/wp\/v2\/posts"}],"about":[{"href":"https:\/\/www.sucarn.es\/ca\/wp-json\/wp\/v2\/types\/post"}],"author":[{"embeddable":true,"href":"https:\/\/www.sucarn.es\/ca\/wp-json\/wp\/v2\/users\/2"}],"replies":[{"embeddable":true,"href":"https:\/\/www.sucarn.es\/ca\/wp-json\/wp\/v2\/comments?post=1956"}],"version-history":[{"count":5,"href":"https:\/\/www.sucarn.es\/ca\/wp-json\/wp\/v2\/posts\/1956\/revisions"}],"predecessor-version":[{"id":1970,"href":"https:\/\/www.sucarn.es\/ca\/wp-json\/wp\/v2\/posts\/1956\/revisions\/1970"}],"wp:attachment":[{"href":"https:\/\/www.sucarn.es\/ca\/wp-json\/wp\/v2\/media?parent=1956"}],"wp:term":[{"taxonomy":"category","embeddable":true,"href":"https:\/\/www.sucarn.es\/ca\/wp-json\/wp\/v2\/categories?post=1956"},{"taxonomy":"post_tag","embeddable":true,"href":"https:\/\/www.sucarn.es\/ca\/wp-json\/wp\/v2\/tags?post=1956"}],"curies":[{"name":"wp","href":"https:\/\/api.w.org\/{rel}","templated":true}]}}