{"id":1986,"date":"2019-12-16T15:38:03","date_gmt":"2019-12-16T15:38:03","guid":{"rendered":"http:\/\/www.sucarn.es\/?p=1986"},"modified":"2019-12-16T15:41:50","modified_gmt":"2019-12-16T15:41:50","slug":"les-empreses-majoristes-de-carn-de-mercabarna-preveuen-comercialitzar-3-500-tones-de-producte-aquest-nadal","status":"publish","type":"post","link":"https:\/\/www.sucarn.es\/ca\/les-empreses-majoristes-de-carn-de-mercabarna-preveuen-comercialitzar-3-500-tones-de-producte-aquest-nadal\/","title":{"rendered":"Les empreses majoristes de carn de Mercabarna preveuen comercialitzar 3.500 tones de producte  aquest Nadal"},"content":{"rendered":"<h2><strong>L\u2019empresa Sucarn ha presentat<br \/>\nla seva selecci\u00f3 de carns madurades<\/strong><\/h2>\n<p>&nbsp;<\/p>\n<p><strong>El sector de la carn de Mercabarna preveu distribuir unes 3.500 tones de carns selectes aquestes festes<\/strong><strong>. Els majoristes d\u2019aliments frescos de Mercabarna han informat conjuntament de les previsions de comercialitzaci\u00f3 amb motiu de la present campanya de Nadal en una trobada amb els mitjans de comunicaci\u00f3 en la qual tamb\u00e9 s\u2019ha presentat la campanya \u201c<a href=\"http:\/\/www.assocome.com\/cat\/campanyes\/gremi-de-majoristes-de-fruites-i-hortalisses-de-mercabarna-agem\/per-nadal-la-bona-cuina-que-et-cuida\/2019\/\">Aquestes festes, alegria i bona cuina<\/a>\u201d amb receptes de la mundialment reconeguda Carme Ruscalleda. La xef ha creat una excel.lent recepta de <a href=\"http:\/\/www.assocome.com\/campanyes\/per-nadal\/2019\/media\/rosbif-de-llom-de-vedella.pdf\">rosbif de llom de vedella o bou<\/a> ideal per gaudir del bon producte carni aquest Nadal.<\/strong><\/p>\n<p>&nbsp;<\/p>\n<p><img fetchpriority=\"high\" decoding=\"async\" class=\"alignright wp-image-1983\" src=\"http:\/\/www.sucarn.es\/wp-content\/uploads\/2019\/12\/ExposicionCarnes.jpg\" alt=\"Sucarn ha presentat la seva selecci\u00f3 de carns madurades\" width=\"363\" height=\"231\" srcset=\"https:\/\/www.sucarn.es\/wp-content\/uploads\/2019\/12\/ExposicionCarnes.jpg 1632w, https:\/\/www.sucarn.es\/wp-content\/uploads\/2019\/12\/ExposicionCarnes-600x382.jpg 600w, https:\/\/www.sucarn.es\/wp-content\/uploads\/2019\/12\/ExposicionCarnes-300x191.jpg 300w, https:\/\/www.sucarn.es\/wp-content\/uploads\/2019\/12\/ExposicionCarnes-768x489.jpg 768w, https:\/\/www.sucarn.es\/wp-content\/uploads\/2019\/12\/ExposicionCarnes-1024x652.jpg 1024w\" sizes=\"(max-width: 363px) 100vw, 363px\" \/>Pel que fa a la carn, de les 3.500 tones previstes, un 70% correspondr\u00e0 a peces de bov\u00ed <strong>(vedella i bou), <\/strong>la resta, un 30%, ser\u00e0 sobretot cabrit i tamb\u00e9 xai. Tot i que la <strong>unitat aliment\u00e0ria de Mercabarna<\/strong> no compta amb un mercat central de la carn, <strong>les seves empreses representen els principals distribu\u00efdors a Catalunya en carn de bov\u00ed i ov\u00ed, aix\u00ed com en importaci\u00f3 de carn, segment del qual l\u2019empresa<a href=\"https:\/\/www.sucarn.es\/ca\/sucarn-empresa-majorista-de-carn-a-mercabarna-servei-restauracio\/?lang=ca\"> Sucarn<\/a> \u00e9s l\u00edder.<\/strong> Segons expliquen els portaveus del sector carni dels majoristes de Mercabarna, Enric Capafons i Valent\u00edn Choya, <strong><em>\u201cSom el term\u00f2metre de les tend\u00e8ncies al sector\u201d.<\/em><\/strong><\/p>\n<p><em><br \/>\n<\/em>\u00a0I, en aquest sentit, les tend\u00e8ncies s\u00f3n dues. Per una banda, els men\u00fas de casa estaran marcats per la tradici\u00f3 dominada pels rostits nadalencs amb les peces nobles de la vedella i el bou com el filet i la mitjana, i les espatlles de cabrit i llet\u00f3. D\u2019altra banda, als restaurants es trobaran les apostes gastron\u00f2miques que suposen, en paraules de Capafons:<\/p>\n<blockquote><p><strong><em>\u201cles puntes de llan\u00e7a de les novetats del sector com les carns madurades, les costelles de vedella o \u201cribs\u201d, els melosos i els \u201conglets\u201d de vedella<\/em><\/strong><strong><em>\u201d<\/em><\/strong><\/p><\/blockquote>\n<h4>\u00a0<strong>Els majoristes d\u2019Aliments Frescos proposen<br \/>\n\u201cAquestes Festes, Alegria i Bona cuina<\/strong><\/h4>\n<p><strong><br \/>\n<\/strong>D\u2019altra banda,\u00a0 els majoristes de Peix i Marisc, Fruites i Hortalisses, i Carn i Aviram de Mercabarna s\u2019han unit en la campanya <a href=\"http:\/\/www.assocome.com\/campanyes\/per-nadal\/2019\/media\/Nadal2019.pdf\">\u201c<\/a><strong><a href=\"http:\/\/www.assocome.com\/campanyes\/per-nadal\/2019\/media\/Nadal2019.pdf\">Aquestes Festes, Alegria i Bona Cuina\u201d<\/a>.<\/strong>\u00a0 La iniciativa es concreta en la distribuci\u00f3 d\u2019una petita guia als mercats municipals de Barcelona i demarcaci\u00f3. Seran 21.000 unitats a l\u2019abast de la clientela dels mercats amb suggeriments sobre producte fresc i receptes.\u00a0 La publicaci\u00f3 posa l\u2019accent en la qualitat del producte com a ess\u00e8ncia d\u2019un bon \u00e0pat i ofereix consells per triar i conservar els productes m\u00e9s t\u00edpics \u2013 peix, marisc, fruites i hortalisses, carn i aviram &#8211; de les festes. Tamb\u00e9 es pot accedir a la guia a\u00a0\u00a0 <a href=\"http:\/\/www.pernadalbonacuina.com\">www.pernadalbonacuina.com<\/a><\/p>\n","protected":false},"excerpt":{"rendered":"<p>L\u2019empresa Sucarn ha presentat la seva selecci\u00f3 de carns madurades &nbsp; El sector de la carn de Mercabarna preveu distribuir unes 3.500 tones de carns selectes aquestes festes. Els majoristes d\u2019aliments frescos de Mercabarna han informat conjuntament de les previsions de comercialitzaci\u00f3 amb motiu de la present campanya de Nadal en una trobada amb els &hellip;<\/p>\n<p class=\"read-more\"> <a class=\"\" href=\"https:\/\/www.sucarn.es\/ca\/les-empreses-majoristes-de-carn-de-mercabarna-preveuen-comercialitzar-3-500-tones-de-producte-aquest-nadal\/\"> <span class=\"screen-reader-text\">Les empreses majoristes de carn de Mercabarna preveuen comercialitzar 3.500 tones de producte  aquest Nadal<\/span> Read More \u00bb<\/a><\/p>\n","protected":false},"author":2,"featured_media":0,"comment_status":"closed","ping_status":"closed","sticky":false,"template":"","format":"standard","meta":{"footnotes":""},"categories":[34],"tags":[52,50,47,53,54,141,40],"class_list":["post-1986","post","type-post","status-publish","format-standard","hentry","category-noticies","tag-assocome","tag-carme-ruscalleda","tag-carns-madurades","tag-enric-capafons","tag-sector-carni-mercabarna","tag-sucarn-ca","tag-valentin-choya","align-left","box-shadow-0","box-shadow-0-hover","ast-product-gallery-layout-horizontal","ast-product-gallery-with-no-image","ast-product-tabs-layout-horizontal"],"yoast_head":"<!-- This site is optimized with the Yoast SEO plugin v27.3 - https:\/\/yoast.com\/product\/yoast-seo-wordpress\/ -->\n<title>Les empreses majoristes de carn de Mercabarna preveuen comercialitzar 3.500 tones de producte aquest Nadal - Bienvenido<\/title>\n<meta name=\"robots\" content=\"index, follow, max-snippet:-1, max-image-preview:large, max-video-preview:-1\" \/>\n<link rel=\"canonical\" href=\"https:\/\/www.sucarn.es\/ca\/las-empresas-mayoristas-de-carne-de-mercabarna-preven-comercializar-3-500-toneladas-de-producto-en-esta-campana-de-navidad\/\" \/>\n<meta property=\"og:locale\" content=\"ca_ES\" \/>\n<meta property=\"og:type\" content=\"article\" \/>\n<meta property=\"og:title\" content=\"Les empreses majoristes de carn de Mercabarna preveuen comercialitzar 3.500 tones de producte aquest Nadal - Bienvenido\" \/>\n<meta property=\"og:description\" content=\"L\u2019empresa Sucarn ha presentat la seva selecci\u00f3 de carns madurades &nbsp; El sector de la carn de Mercabarna preveu distribuir unes 3.500 tones de carns selectes aquestes festes. Els majoristes d\u2019aliments frescos de Mercabarna han informat conjuntament de les previsions de comercialitzaci\u00f3 amb motiu de la present campanya de Nadal en una trobada amb els &hellip; Les empreses majoristes de carn de Mercabarna preveuen comercialitzar 3.500 tones de producte aquest Nadal Read More \u00bb\" \/>\n<meta property=\"og:url\" content=\"https:\/\/www.sucarn.es\/las-empresas-mayoristas-de-carne-de-mercabarna-preven-comercializar-3-500-toneladas-de-producto-en-esta-campana-de-navidad\/\" \/>\n<meta property=\"og:site_name\" content=\"Bienvenido\" \/>\n<meta property=\"article:published_time\" content=\"2019-12-16T15:38:03+00:00\" \/>\n<meta property=\"article:modified_time\" content=\"2019-12-16T15:41:50+00:00\" \/>\n<meta property=\"og:image\" content=\"http:\/\/www.sucarn.es\/wp-content\/uploads\/2019\/12\/ExposicionCarnes.jpg\" \/>\n<meta name=\"author\" content=\"Sucarn\" \/>\n<meta name=\"twitter:card\" content=\"summary_large_image\" \/>\n<meta name=\"twitter:label1\" content=\"Escrit per\" \/>\n\t<meta name=\"twitter:data1\" content=\"Sucarn\" \/>\n\t<meta name=\"twitter:label2\" content=\"Temps estimat de lectura\" \/>\n\t<meta name=\"twitter:data2\" content=\"2 minuts\" \/>\n<script type=\"application\/ld+json\" class=\"yoast-schema-graph\">{\"@context\":\"https:\\\/\\\/schema.org\",\"@graph\":[{\"@type\":\"Article\",\"@id\":\"https:\\\/\\\/www.sucarn.es\\\/las-empresas-mayoristas-de-carne-de-mercabarna-preven-comercializar-3-500-toneladas-de-producto-en-esta-campana-de-navidad\\\/#article\",\"isPartOf\":{\"@id\":\"https:\\\/\\\/www.sucarn.es\\\/las-empresas-mayoristas-de-carne-de-mercabarna-preven-comercializar-3-500-toneladas-de-producto-en-esta-campana-de-navidad\\\/\"},\"author\":{\"name\":\"Sucarn\",\"@id\":\"https:\\\/\\\/www.sucarn.es\\\/#\\\/schema\\\/person\\\/bb166bc856ffb1bb5634ddf0baa2ebe5\"},\"headline\":\"Les empreses majoristes de carn de Mercabarna preveuen comercialitzar 3.500 tones de producte aquest Nadal\",\"datePublished\":\"2019-12-16T15:38:03+00:00\",\"dateModified\":\"2019-12-16T15:41:50+00:00\",\"mainEntityOfPage\":{\"@id\":\"https:\\\/\\\/www.sucarn.es\\\/las-empresas-mayoristas-de-carne-de-mercabarna-preven-comercializar-3-500-toneladas-de-producto-en-esta-campana-de-navidad\\\/\"},\"wordCount\":451,\"publisher\":{\"@id\":\"https:\\\/\\\/www.sucarn.es\\\/#organization\"},\"image\":{\"@id\":\"https:\\\/\\\/www.sucarn.es\\\/las-empresas-mayoristas-de-carne-de-mercabarna-preven-comercializar-3-500-toneladas-de-producto-en-esta-campana-de-navidad\\\/#primaryimage\"},\"thumbnailUrl\":\"http:\\\/\\\/www.sucarn.es\\\/wp-content\\\/uploads\\\/2019\\\/12\\\/ExposicionCarnes.jpg\",\"keywords\":[\"Assocome\",\"Carme Ruscalleda\",\"carns madurades\",\"Enric Capafons\",\"Sector carni Mercabarna\",\"Sucarn\",\"Valent\u00edn Choya\"],\"articleSection\":[\"Not\u00edcies\"],\"inLanguage\":\"ca\"},{\"@type\":\"WebPage\",\"@id\":\"https:\\\/\\\/www.sucarn.es\\\/las-empresas-mayoristas-de-carne-de-mercabarna-preven-comercializar-3-500-toneladas-de-producto-en-esta-campana-de-navidad\\\/\",\"url\":\"https:\\\/\\\/www.sucarn.es\\\/las-empresas-mayoristas-de-carne-de-mercabarna-preven-comercializar-3-500-toneladas-de-producto-en-esta-campana-de-navidad\\\/\",\"name\":\"Les empreses majoristes de carn de Mercabarna preveuen comercialitzar 3.500 tones de producte aquest Nadal - Bienvenido\",\"isPartOf\":{\"@id\":\"https:\\\/\\\/www.sucarn.es\\\/#website\"},\"primaryImageOfPage\":{\"@id\":\"https:\\\/\\\/www.sucarn.es\\\/las-empresas-mayoristas-de-carne-de-mercabarna-preven-comercializar-3-500-toneladas-de-producto-en-esta-campana-de-navidad\\\/#primaryimage\"},\"image\":{\"@id\":\"https:\\\/\\\/www.sucarn.es\\\/las-empresas-mayoristas-de-carne-de-mercabarna-preven-comercializar-3-500-toneladas-de-producto-en-esta-campana-de-navidad\\\/#primaryimage\"},\"thumbnailUrl\":\"http:\\\/\\\/www.sucarn.es\\\/wp-content\\\/uploads\\\/2019\\\/12\\\/ExposicionCarnes.jpg\",\"datePublished\":\"2019-12-16T15:38:03+00:00\",\"dateModified\":\"2019-12-16T15:41:50+00:00\",\"breadcrumb\":{\"@id\":\"https:\\\/\\\/www.sucarn.es\\\/las-empresas-mayoristas-de-carne-de-mercabarna-preven-comercializar-3-500-toneladas-de-producto-en-esta-campana-de-navidad\\\/#breadcrumb\"},\"inLanguage\":\"ca\",\"potentialAction\":[{\"@type\":\"ReadAction\",\"target\":[\"https:\\\/\\\/www.sucarn.es\\\/las-empresas-mayoristas-de-carne-de-mercabarna-preven-comercializar-3-500-toneladas-de-producto-en-esta-campana-de-navidad\\\/\"]}]},{\"@type\":\"ImageObject\",\"inLanguage\":\"ca\",\"@id\":\"https:\\\/\\\/www.sucarn.es\\\/las-empresas-mayoristas-de-carne-de-mercabarna-preven-comercializar-3-500-toneladas-de-producto-en-esta-campana-de-navidad\\\/#primaryimage\",\"url\":\"http:\\\/\\\/www.sucarn.es\\\/wp-content\\\/uploads\\\/2019\\\/12\\\/ExposicionCarnes.jpg\",\"contentUrl\":\"http:\\\/\\\/www.sucarn.es\\\/wp-content\\\/uploads\\\/2019\\\/12\\\/ExposicionCarnes.jpg\"},{\"@type\":\"BreadcrumbList\",\"@id\":\"https:\\\/\\\/www.sucarn.es\\\/las-empresas-mayoristas-de-carne-de-mercabarna-preven-comercializar-3-500-toneladas-de-producto-en-esta-campana-de-navidad\\\/#breadcrumb\",\"itemListElement\":[{\"@type\":\"ListItem\",\"position\":1,\"name\":\"Home\",\"item\":\"https:\\\/\\\/www.sucarn.es\\\/ca\\\/\"},{\"@type\":\"ListItem\",\"position\":2,\"name\":\"Les empreses majoristes de carn de Mercabarna preveuen comercialitzar 3.500 tones de producte aquest Nadal\"}]},{\"@type\":\"WebSite\",\"@id\":\"https:\\\/\\\/www.sucarn.es\\\/#website\",\"url\":\"https:\\\/\\\/www.sucarn.es\\\/\",\"name\":\"Sucarn\",\"description\":\"Sucarn\",\"publisher\":{\"@id\":\"https:\\\/\\\/www.sucarn.es\\\/#organization\"},\"potentialAction\":[{\"@type\":\"SearchAction\",\"target\":{\"@type\":\"EntryPoint\",\"urlTemplate\":\"https:\\\/\\\/www.sucarn.es\\\/?s={search_term_string}\"},\"query-input\":{\"@type\":\"PropertyValueSpecification\",\"valueRequired\":true,\"valueName\":\"search_term_string\"}}],\"inLanguage\":\"ca\"},{\"@type\":\"Organization\",\"@id\":\"https:\\\/\\\/www.sucarn.es\\\/#organization\",\"name\":\"Sucarn\",\"url\":\"https:\\\/\\\/www.sucarn.es\\\/\",\"logo\":{\"@type\":\"ImageObject\",\"inLanguage\":\"ca\",\"@id\":\"https:\\\/\\\/www.sucarn.es\\\/#\\\/schema\\\/logo\\\/image\\\/\",\"url\":\"https:\\\/\\\/www.sucarn.es\\\/wp-content\\\/uploads\\\/2018\\\/03\\\/LOGO_SUCARN.png\",\"contentUrl\":\"https:\\\/\\\/www.sucarn.es\\\/wp-content\\\/uploads\\\/2018\\\/03\\\/LOGO_SUCARN.png\",\"width\":300,\"height\":93,\"caption\":\"Sucarn\"},\"image\":{\"@id\":\"https:\\\/\\\/www.sucarn.es\\\/#\\\/schema\\\/logo\\\/image\\\/\"}},{\"@type\":\"Person\",\"@id\":\"https:\\\/\\\/www.sucarn.es\\\/#\\\/schema\\\/person\\\/bb166bc856ffb1bb5634ddf0baa2ebe5\",\"name\":\"Sucarn\",\"url\":\"https:\\\/\\\/www.sucarn.es\\\/ca\\\/author\\\/sucarn\\\/\"}]}<\/script>\n<!-- \/ Yoast SEO plugin. -->","yoast_head_json":{"title":"Les empreses majoristes de carn de Mercabarna preveuen comercialitzar 3.500 tones de producte aquest Nadal - Bienvenido","robots":{"index":"index","follow":"follow","max-snippet":"max-snippet:-1","max-image-preview":"max-image-preview:large","max-video-preview":"max-video-preview:-1"},"canonical":"https:\/\/www.sucarn.es\/ca\/las-empresas-mayoristas-de-carne-de-mercabarna-preven-comercializar-3-500-toneladas-de-producto-en-esta-campana-de-navidad\/","og_locale":"ca_ES","og_type":"article","og_title":"Les empreses majoristes de carn de Mercabarna preveuen comercialitzar 3.500 tones de producte aquest Nadal - Bienvenido","og_description":"L\u2019empresa Sucarn ha presentat la seva selecci\u00f3 de carns madurades &nbsp; El sector de la carn de Mercabarna preveu distribuir unes 3.500 tones de carns selectes aquestes festes. Els majoristes d\u2019aliments frescos de Mercabarna han informat conjuntament de les previsions de comercialitzaci\u00f3 amb motiu de la present campanya de Nadal en una trobada amb els &hellip; Les empreses majoristes de carn de Mercabarna preveuen comercialitzar 3.500 tones de producte aquest Nadal Read More \u00bb","og_url":"https:\/\/www.sucarn.es\/las-empresas-mayoristas-de-carne-de-mercabarna-preven-comercializar-3-500-toneladas-de-producto-en-esta-campana-de-navidad\/","og_site_name":"Bienvenido","article_published_time":"2019-12-16T15:38:03+00:00","article_modified_time":"2019-12-16T15:41:50+00:00","og_image":[{"url":"http:\/\/www.sucarn.es\/wp-content\/uploads\/2019\/12\/ExposicionCarnes.jpg","type":"","width":"","height":""}],"author":"Sucarn","twitter_card":"summary_large_image","twitter_misc":{"Escrit per":"Sucarn","Temps estimat de lectura":"2 minuts"},"schema":{"@context":"https:\/\/schema.org","@graph":[{"@type":"Article","@id":"https:\/\/www.sucarn.es\/las-empresas-mayoristas-de-carne-de-mercabarna-preven-comercializar-3-500-toneladas-de-producto-en-esta-campana-de-navidad\/#article","isPartOf":{"@id":"https:\/\/www.sucarn.es\/las-empresas-mayoristas-de-carne-de-mercabarna-preven-comercializar-3-500-toneladas-de-producto-en-esta-campana-de-navidad\/"},"author":{"name":"Sucarn","@id":"https:\/\/www.sucarn.es\/#\/schema\/person\/bb166bc856ffb1bb5634ddf0baa2ebe5"},"headline":"Les empreses majoristes de carn de Mercabarna preveuen comercialitzar 3.500 tones de producte aquest Nadal","datePublished":"2019-12-16T15:38:03+00:00","dateModified":"2019-12-16T15:41:50+00:00","mainEntityOfPage":{"@id":"https:\/\/www.sucarn.es\/las-empresas-mayoristas-de-carne-de-mercabarna-preven-comercializar-3-500-toneladas-de-producto-en-esta-campana-de-navidad\/"},"wordCount":451,"publisher":{"@id":"https:\/\/www.sucarn.es\/#organization"},"image":{"@id":"https:\/\/www.sucarn.es\/las-empresas-mayoristas-de-carne-de-mercabarna-preven-comercializar-3-500-toneladas-de-producto-en-esta-campana-de-navidad\/#primaryimage"},"thumbnailUrl":"http:\/\/www.sucarn.es\/wp-content\/uploads\/2019\/12\/ExposicionCarnes.jpg","keywords":["Assocome","Carme Ruscalleda","carns madurades","Enric Capafons","Sector carni Mercabarna","Sucarn","Valent\u00edn Choya"],"articleSection":["Not\u00edcies"],"inLanguage":"ca"},{"@type":"WebPage","@id":"https:\/\/www.sucarn.es\/las-empresas-mayoristas-de-carne-de-mercabarna-preven-comercializar-3-500-toneladas-de-producto-en-esta-campana-de-navidad\/","url":"https:\/\/www.sucarn.es\/las-empresas-mayoristas-de-carne-de-mercabarna-preven-comercializar-3-500-toneladas-de-producto-en-esta-campana-de-navidad\/","name":"Les empreses majoristes de carn de Mercabarna preveuen comercialitzar 3.500 tones de producte aquest Nadal - Bienvenido","isPartOf":{"@id":"https:\/\/www.sucarn.es\/#website"},"primaryImageOfPage":{"@id":"https:\/\/www.sucarn.es\/las-empresas-mayoristas-de-carne-de-mercabarna-preven-comercializar-3-500-toneladas-de-producto-en-esta-campana-de-navidad\/#primaryimage"},"image":{"@id":"https:\/\/www.sucarn.es\/las-empresas-mayoristas-de-carne-de-mercabarna-preven-comercializar-3-500-toneladas-de-producto-en-esta-campana-de-navidad\/#primaryimage"},"thumbnailUrl":"http:\/\/www.sucarn.es\/wp-content\/uploads\/2019\/12\/ExposicionCarnes.jpg","datePublished":"2019-12-16T15:38:03+00:00","dateModified":"2019-12-16T15:41:50+00:00","breadcrumb":{"@id":"https:\/\/www.sucarn.es\/las-empresas-mayoristas-de-carne-de-mercabarna-preven-comercializar-3-500-toneladas-de-producto-en-esta-campana-de-navidad\/#breadcrumb"},"inLanguage":"ca","potentialAction":[{"@type":"ReadAction","target":["https:\/\/www.sucarn.es\/las-empresas-mayoristas-de-carne-de-mercabarna-preven-comercializar-3-500-toneladas-de-producto-en-esta-campana-de-navidad\/"]}]},{"@type":"ImageObject","inLanguage":"ca","@id":"https:\/\/www.sucarn.es\/las-empresas-mayoristas-de-carne-de-mercabarna-preven-comercializar-3-500-toneladas-de-producto-en-esta-campana-de-navidad\/#primaryimage","url":"http:\/\/www.sucarn.es\/wp-content\/uploads\/2019\/12\/ExposicionCarnes.jpg","contentUrl":"http:\/\/www.sucarn.es\/wp-content\/uploads\/2019\/12\/ExposicionCarnes.jpg"},{"@type":"BreadcrumbList","@id":"https:\/\/www.sucarn.es\/las-empresas-mayoristas-de-carne-de-mercabarna-preven-comercializar-3-500-toneladas-de-producto-en-esta-campana-de-navidad\/#breadcrumb","itemListElement":[{"@type":"ListItem","position":1,"name":"Home","item":"https:\/\/www.sucarn.es\/ca\/"},{"@type":"ListItem","position":2,"name":"Les empreses majoristes de carn de Mercabarna preveuen comercialitzar 3.500 tones de producte aquest Nadal"}]},{"@type":"WebSite","@id":"https:\/\/www.sucarn.es\/#website","url":"https:\/\/www.sucarn.es\/","name":"Sucarn","description":"Sucarn","publisher":{"@id":"https:\/\/www.sucarn.es\/#organization"},"potentialAction":[{"@type":"SearchAction","target":{"@type":"EntryPoint","urlTemplate":"https:\/\/www.sucarn.es\/?s={search_term_string}"},"query-input":{"@type":"PropertyValueSpecification","valueRequired":true,"valueName":"search_term_string"}}],"inLanguage":"ca"},{"@type":"Organization","@id":"https:\/\/www.sucarn.es\/#organization","name":"Sucarn","url":"https:\/\/www.sucarn.es\/","logo":{"@type":"ImageObject","inLanguage":"ca","@id":"https:\/\/www.sucarn.es\/#\/schema\/logo\/image\/","url":"https:\/\/www.sucarn.es\/wp-content\/uploads\/2018\/03\/LOGO_SUCARN.png","contentUrl":"https:\/\/www.sucarn.es\/wp-content\/uploads\/2018\/03\/LOGO_SUCARN.png","width":300,"height":93,"caption":"Sucarn"},"image":{"@id":"https:\/\/www.sucarn.es\/#\/schema\/logo\/image\/"}},{"@type":"Person","@id":"https:\/\/www.sucarn.es\/#\/schema\/person\/bb166bc856ffb1bb5634ddf0baa2ebe5","name":"Sucarn","url":"https:\/\/www.sucarn.es\/ca\/author\/sucarn\/"}]}},"_links":{"self":[{"href":"https:\/\/www.sucarn.es\/ca\/wp-json\/wp\/v2\/posts\/1986","targetHints":{"allow":["GET"]}}],"collection":[{"href":"https:\/\/www.sucarn.es\/ca\/wp-json\/wp\/v2\/posts"}],"about":[{"href":"https:\/\/www.sucarn.es\/ca\/wp-json\/wp\/v2\/types\/post"}],"author":[{"embeddable":true,"href":"https:\/\/www.sucarn.es\/ca\/wp-json\/wp\/v2\/users\/2"}],"replies":[{"embeddable":true,"href":"https:\/\/www.sucarn.es\/ca\/wp-json\/wp\/v2\/comments?post=1986"}],"version-history":[{"count":3,"href":"https:\/\/www.sucarn.es\/ca\/wp-json\/wp\/v2\/posts\/1986\/revisions"}],"predecessor-version":[{"id":1989,"href":"https:\/\/www.sucarn.es\/ca\/wp-json\/wp\/v2\/posts\/1986\/revisions\/1989"}],"wp:attachment":[{"href":"https:\/\/www.sucarn.es\/ca\/wp-json\/wp\/v2\/media?parent=1986"}],"wp:term":[{"taxonomy":"category","embeddable":true,"href":"https:\/\/www.sucarn.es\/ca\/wp-json\/wp\/v2\/categories?post=1986"},{"taxonomy":"post_tag","embeddable":true,"href":"https:\/\/www.sucarn.es\/ca\/wp-json\/wp\/v2\/tags?post=1986"}],"curies":[{"name":"wp","href":"https:\/\/api.w.org\/{rel}","templated":true}]}}