{"id":2220,"date":"2020-03-06T12:47:23","date_gmt":"2020-03-06T12:47:23","guid":{"rendered":"http:\/\/www.sucarn.es\/?p=2220"},"modified":"2020-03-06T12:47:23","modified_gmt":"2020-03-06T12:47:23","slug":"tripa-amb-cigrons-i-xorico-una-recepta-del-xef-dani-lechuga","status":"publish","type":"post","link":"https:\/\/www.sucarn.es\/ca\/tripa-amb-cigrons-i-xorico-una-recepta-del-xef-dani-lechuga\/","title":{"rendered":"Tripa amb cigrons y xori\u00e7o, una recepta del xef Dani Lechuga"},"content":{"rendered":"<p><a href=\"https:\/\/www.sucarn.es\/ca\/receta-de-callos-con-garbanzos-y-chorizo-del-chef-dani-lechuga\/callos-con-garbanzos-y-chorizo-receta-chef-dani-lechuga-caldeni-sucarn\/\" rel=\"attachment wp-att-2213\"><img fetchpriority=\"high\" decoding=\"async\" class=\"aligncenter wp-image-2213\" src=\"http:\/\/www.sucarn.es\/wp-content\/uploads\/2020\/03\/callos-con-garbanzos-y-chorizo-receta-chef-dani-lechuga-caldeni-sucarn.jpeg\" alt=\"receta-chef-dani-lechuga-caldeni-barcelona-sucarn\" width=\"373\" height=\"396\" srcset=\"https:\/\/www.sucarn.es\/wp-content\/uploads\/2020\/03\/callos-con-garbanzos-y-chorizo-receta-chef-dani-lechuga-caldeni-sucarn.jpeg 750w, https:\/\/www.sucarn.es\/wp-content\/uploads\/2020\/03\/callos-con-garbanzos-y-chorizo-receta-chef-dani-lechuga-caldeni-sucarn-600x638.jpeg 600w, https:\/\/www.sucarn.es\/wp-content\/uploads\/2020\/03\/callos-con-garbanzos-y-chorizo-receta-chef-dani-lechuga-caldeni-sucarn-282x300.jpeg 282w\" sizes=\"(max-width: 373px) 100vw, 373px\" \/><\/a><\/p>\n<h4 style=\"text-align: left;\"><strong>Prepara tripa amb cigrons i xori\u00e7o en 8 senzills passos. Nom\u00e9s has de seguir la recepta del xef Dani Lechuga al peu de la lletra i et quedar\u00e0 un plat delici\u00f3s!\u00a0<\/strong><\/h4>\n<h3 style=\"text-align: center;\">Ingredients<\/h3>\n<ul>\n<li>1 kg de budell<\/li>\n<li>250 g de cigrons semicuits<\/li>\n<li>250 g de xori\u00e7o<\/li>\n<li>100 g de pernil del pa\u00eds<\/li>\n<li>50 ml de vi blanc<\/li>\n<li>2 grans d&#8217;all<\/li>\n<li>2 cebes<\/li>\n<li>1 fulla de llorer<\/li>\n<li>1 cullerada de pebre vermell de La Vera<\/li>\n<\/ul>\n<h3 style=\"text-align: center;\">Elaboraci\u00f3<\/h3>\n<ol>\n<li>Tallar el budell a trossos mitjans.<\/li>\n<li>Posar-lo a bullir en una olla amb for\u00e7a aigua durant uns 20 minuts aproximadament.<\/li>\n<li>Mentre, en una cassola, sofregir la ceba i l&#8217;all ben picats amb el llorer.<\/li>\n<li>Quan estiguin cuits, afegir el xori\u00e7o tallat a trossos petits i el pernil tallat a tires.<\/li>\n<li>Posar el pebre vermell i el vi i esperar a que el vi s&#8217;evapori.<\/li>\n<li>Introduir llavors el budell bullit i afegir els cigrons i cobrir-los amb aigua de la seva cocci\u00f3.<\/li>\n<li>Deixar bullir a foc suau uns 20 minuts o fins que la tripa estigui tendra.<\/li>\n<li>Deixar reposar i millor servir a l&#8217;endem\u00e0.<\/li>\n<\/ol>\n<p>Des de <a href=\"https:\/\/www.sucarn.es\/ca\/marcas-old\/\"><strong>Sucarn<\/strong><\/a> donem les gr\u00e0cies per la seva gentilesa i generositat, com sempre, al <a href=\"https:\/\/www.lavanguardia.com\/comer\/al-dia\/20190526\/462424272769\/entrevista-dani-lechuga-bardeni-restaurante-cristina-jolonch.html\"><strong>xef Dani Lechuga<\/strong><\/a>, que actualment est\u00e0 als fogons de <a href=\"https:\/\/www.caldeni.com\/bardeni\/\"><strong>Bardeni, el Meatbar (Barcelona)<\/strong><\/a>, el seu \u00faltim projecte gastron\u00f2mic. Un restaurant amb producte excel\u00b7lent i un ambient gens encotillat.<\/p>\n","protected":false},"excerpt":{"rendered":"<p>Prepara aquesta magn\u00edfica recepta en 8 senzills passos. Nom\u00e9s has de seguir la recepta del xef Dani Lechuga al peu de la lletra.<\/p>\n","protected":false},"author":2,"featured_media":0,"comment_status":"closed","ping_status":"closed","sticky":false,"template":"","format":"standard","meta":{"footnotes":""},"categories":[86],"tags":[74,133,137,138,141],"class_list":["post-2220","post","type-post","status-publish","format-standard","hentry","category-receptes-de-carn","tag-barcelona","tag-caldeni-ca","tag-la-cocina-de-la-carne-ca","tag-meatbar-ca","tag-sucarn-ca","align-left","box-shadow-0","box-shadow-0-hover","ast-product-gallery-layout-horizontal","ast-product-gallery-with-no-image","ast-product-tabs-layout-horizontal"],"yoast_head":"<!-- This site is optimized with the Yoast SEO plugin v27.3 - https:\/\/yoast.com\/product\/yoast-seo-wordpress\/ -->\n<title>Tripa amb cigrons y xori\u00e7o, una recepta del xef Dani Lechuga - Bienvenido<\/title>\n<meta name=\"robots\" content=\"index, follow, max-snippet:-1, max-image-preview:large, max-video-preview:-1\" \/>\n<link rel=\"canonical\" href=\"https:\/\/www.sucarn.es\/ca\/tripa-amb-cigrons-i-xorico-una-recepta-del-xef-dani-lechuga\/\" \/>\n<meta property=\"og:locale\" content=\"ca_ES\" \/>\n<meta property=\"og:type\" content=\"article\" \/>\n<meta property=\"og:title\" content=\"Tripa amb cigrons y xori\u00e7o, una recepta del xef Dani Lechuga - Bienvenido\" \/>\n<meta property=\"og:description\" content=\"Prepara aquesta magn\u00edfica recepta en 8 senzills passos. Nom\u00e9s has de seguir la recepta del xef Dani Lechuga al peu de la lletra.\" \/>\n<meta property=\"og:url\" content=\"https:\/\/www.sucarn.es\/ca\/tripa-amb-cigrons-i-xorico-una-recepta-del-xef-dani-lechuga\/\" \/>\n<meta property=\"og:site_name\" content=\"Bienvenido\" \/>\n<meta property=\"article:published_time\" content=\"2020-03-06T12:47:23+00:00\" \/>\n<meta property=\"og:image\" content=\"http:\/\/www.sucarn.es\/wp-content\/uploads\/2020\/03\/callos-con-garbanzos-y-chorizo-receta-chef-dani-lechuga-caldeni-sucarn.jpeg\" \/>\n<meta name=\"author\" content=\"Sucarn\" \/>\n<meta name=\"twitter:card\" content=\"summary_large_image\" \/>\n<meta name=\"twitter:label1\" content=\"Escrit per\" \/>\n\t<meta name=\"twitter:data1\" content=\"Sucarn\" \/>\n\t<meta name=\"twitter:label2\" content=\"Temps estimat de lectura\" \/>\n\t<meta name=\"twitter:data2\" content=\"1 minut\" \/>\n<script type=\"application\/ld+json\" class=\"yoast-schema-graph\">{\"@context\":\"https:\\\/\\\/schema.org\",\"@graph\":[{\"@type\":\"Article\",\"@id\":\"https:\\\/\\\/www.sucarn.es\\\/ca\\\/tripa-amb-cigrons-i-xorico-una-recepta-del-xef-dani-lechuga\\\/#article\",\"isPartOf\":{\"@id\":\"https:\\\/\\\/www.sucarn.es\\\/ca\\\/tripa-amb-cigrons-i-xorico-una-recepta-del-xef-dani-lechuga\\\/\"},\"author\":{\"name\":\"Sucarn\",\"@id\":\"https:\\\/\\\/www.sucarn.es\\\/#\\\/schema\\\/person\\\/bb166bc856ffb1bb5634ddf0baa2ebe5\"},\"headline\":\"Tripa amb cigrons y xori\u00e7o, una recepta del xef Dani Lechuga\",\"datePublished\":\"2020-03-06T12:47:23+00:00\",\"mainEntityOfPage\":{\"@id\":\"https:\\\/\\\/www.sucarn.es\\\/ca\\\/tripa-amb-cigrons-i-xorico-una-recepta-del-xef-dani-lechuga\\\/\"},\"wordCount\":230,\"publisher\":{\"@id\":\"https:\\\/\\\/www.sucarn.es\\\/#organization\"},\"image\":{\"@id\":\"https:\\\/\\\/www.sucarn.es\\\/ca\\\/tripa-amb-cigrons-i-xorico-una-recepta-del-xef-dani-lechuga\\\/#primaryimage\"},\"thumbnailUrl\":\"http:\\\/\\\/www.sucarn.es\\\/wp-content\\\/uploads\\\/2020\\\/03\\\/callos-con-garbanzos-y-chorizo-receta-chef-dani-lechuga-caldeni-sucarn.jpeg\",\"keywords\":[\"Barcelona\",\"caldeni\",\"la cocina de la carne\",\"meatbar\",\"Sucarn\"],\"articleSection\":[\"Receptes de carn\"],\"inLanguage\":\"ca\"},{\"@type\":\"WebPage\",\"@id\":\"https:\\\/\\\/www.sucarn.es\\\/ca\\\/tripa-amb-cigrons-i-xorico-una-recepta-del-xef-dani-lechuga\\\/\",\"url\":\"https:\\\/\\\/www.sucarn.es\\\/ca\\\/tripa-amb-cigrons-i-xorico-una-recepta-del-xef-dani-lechuga\\\/\",\"name\":\"Tripa amb cigrons y xori\u00e7o, una recepta del xef Dani Lechuga - Bienvenido\",\"isPartOf\":{\"@id\":\"https:\\\/\\\/www.sucarn.es\\\/#website\"},\"primaryImageOfPage\":{\"@id\":\"https:\\\/\\\/www.sucarn.es\\\/ca\\\/tripa-amb-cigrons-i-xorico-una-recepta-del-xef-dani-lechuga\\\/#primaryimage\"},\"image\":{\"@id\":\"https:\\\/\\\/www.sucarn.es\\\/ca\\\/tripa-amb-cigrons-i-xorico-una-recepta-del-xef-dani-lechuga\\\/#primaryimage\"},\"thumbnailUrl\":\"http:\\\/\\\/www.sucarn.es\\\/wp-content\\\/uploads\\\/2020\\\/03\\\/callos-con-garbanzos-y-chorizo-receta-chef-dani-lechuga-caldeni-sucarn.jpeg\",\"datePublished\":\"2020-03-06T12:47:23+00:00\",\"breadcrumb\":{\"@id\":\"https:\\\/\\\/www.sucarn.es\\\/ca\\\/tripa-amb-cigrons-i-xorico-una-recepta-del-xef-dani-lechuga\\\/#breadcrumb\"},\"inLanguage\":\"ca\",\"potentialAction\":[{\"@type\":\"ReadAction\",\"target\":[\"https:\\\/\\\/www.sucarn.es\\\/ca\\\/tripa-amb-cigrons-i-xorico-una-recepta-del-xef-dani-lechuga\\\/\"]}]},{\"@type\":\"ImageObject\",\"inLanguage\":\"ca\",\"@id\":\"https:\\\/\\\/www.sucarn.es\\\/ca\\\/tripa-amb-cigrons-i-xorico-una-recepta-del-xef-dani-lechuga\\\/#primaryimage\",\"url\":\"http:\\\/\\\/www.sucarn.es\\\/wp-content\\\/uploads\\\/2020\\\/03\\\/callos-con-garbanzos-y-chorizo-receta-chef-dani-lechuga-caldeni-sucarn.jpeg\",\"contentUrl\":\"http:\\\/\\\/www.sucarn.es\\\/wp-content\\\/uploads\\\/2020\\\/03\\\/callos-con-garbanzos-y-chorizo-receta-chef-dani-lechuga-caldeni-sucarn.jpeg\"},{\"@type\":\"BreadcrumbList\",\"@id\":\"https:\\\/\\\/www.sucarn.es\\\/ca\\\/tripa-amb-cigrons-i-xorico-una-recepta-del-xef-dani-lechuga\\\/#breadcrumb\",\"itemListElement\":[{\"@type\":\"ListItem\",\"position\":1,\"name\":\"Home\",\"item\":\"https:\\\/\\\/www.sucarn.es\\\/ca\\\/\"},{\"@type\":\"ListItem\",\"position\":2,\"name\":\"Tripa amb cigrons y xori\u00e7o, una recepta del xef Dani Lechuga\"}]},{\"@type\":\"WebSite\",\"@id\":\"https:\\\/\\\/www.sucarn.es\\\/#website\",\"url\":\"https:\\\/\\\/www.sucarn.es\\\/\",\"name\":\"Sucarn\",\"description\":\"Sucarn\",\"publisher\":{\"@id\":\"https:\\\/\\\/www.sucarn.es\\\/#organization\"},\"potentialAction\":[{\"@type\":\"SearchAction\",\"target\":{\"@type\":\"EntryPoint\",\"urlTemplate\":\"https:\\\/\\\/www.sucarn.es\\\/?s={search_term_string}\"},\"query-input\":{\"@type\":\"PropertyValueSpecification\",\"valueRequired\":true,\"valueName\":\"search_term_string\"}}],\"inLanguage\":\"ca\"},{\"@type\":\"Organization\",\"@id\":\"https:\\\/\\\/www.sucarn.es\\\/#organization\",\"name\":\"Sucarn\",\"url\":\"https:\\\/\\\/www.sucarn.es\\\/\",\"logo\":{\"@type\":\"ImageObject\",\"inLanguage\":\"ca\",\"@id\":\"https:\\\/\\\/www.sucarn.es\\\/#\\\/schema\\\/logo\\\/image\\\/\",\"url\":\"https:\\\/\\\/www.sucarn.es\\\/wp-content\\\/uploads\\\/2018\\\/03\\\/LOGO_SUCARN.png\",\"contentUrl\":\"https:\\\/\\\/www.sucarn.es\\\/wp-content\\\/uploads\\\/2018\\\/03\\\/LOGO_SUCARN.png\",\"width\":300,\"height\":93,\"caption\":\"Sucarn\"},\"image\":{\"@id\":\"https:\\\/\\\/www.sucarn.es\\\/#\\\/schema\\\/logo\\\/image\\\/\"}},{\"@type\":\"Person\",\"@id\":\"https:\\\/\\\/www.sucarn.es\\\/#\\\/schema\\\/person\\\/bb166bc856ffb1bb5634ddf0baa2ebe5\",\"name\":\"Sucarn\",\"url\":\"https:\\\/\\\/www.sucarn.es\\\/ca\\\/author\\\/sucarn\\\/\"}]}<\/script>\n<!-- \/ Yoast SEO plugin. -->","yoast_head_json":{"title":"Tripa amb cigrons y xori\u00e7o, una recepta del xef Dani Lechuga - Bienvenido","robots":{"index":"index","follow":"follow","max-snippet":"max-snippet:-1","max-image-preview":"max-image-preview:large","max-video-preview":"max-video-preview:-1"},"canonical":"https:\/\/www.sucarn.es\/ca\/tripa-amb-cigrons-i-xorico-una-recepta-del-xef-dani-lechuga\/","og_locale":"ca_ES","og_type":"article","og_title":"Tripa amb cigrons y xori\u00e7o, una recepta del xef Dani Lechuga - Bienvenido","og_description":"Prepara aquesta magn\u00edfica recepta en 8 senzills passos. Nom\u00e9s has de seguir la recepta del xef Dani Lechuga al peu de la lletra.","og_url":"https:\/\/www.sucarn.es\/ca\/tripa-amb-cigrons-i-xorico-una-recepta-del-xef-dani-lechuga\/","og_site_name":"Bienvenido","article_published_time":"2020-03-06T12:47:23+00:00","og_image":[{"url":"http:\/\/www.sucarn.es\/wp-content\/uploads\/2020\/03\/callos-con-garbanzos-y-chorizo-receta-chef-dani-lechuga-caldeni-sucarn.jpeg","type":"","width":"","height":""}],"author":"Sucarn","twitter_card":"summary_large_image","twitter_misc":{"Escrit per":"Sucarn","Temps estimat de lectura":"1 minut"},"schema":{"@context":"https:\/\/schema.org","@graph":[{"@type":"Article","@id":"https:\/\/www.sucarn.es\/ca\/tripa-amb-cigrons-i-xorico-una-recepta-del-xef-dani-lechuga\/#article","isPartOf":{"@id":"https:\/\/www.sucarn.es\/ca\/tripa-amb-cigrons-i-xorico-una-recepta-del-xef-dani-lechuga\/"},"author":{"name":"Sucarn","@id":"https:\/\/www.sucarn.es\/#\/schema\/person\/bb166bc856ffb1bb5634ddf0baa2ebe5"},"headline":"Tripa amb cigrons y xori\u00e7o, una recepta del xef Dani Lechuga","datePublished":"2020-03-06T12:47:23+00:00","mainEntityOfPage":{"@id":"https:\/\/www.sucarn.es\/ca\/tripa-amb-cigrons-i-xorico-una-recepta-del-xef-dani-lechuga\/"},"wordCount":230,"publisher":{"@id":"https:\/\/www.sucarn.es\/#organization"},"image":{"@id":"https:\/\/www.sucarn.es\/ca\/tripa-amb-cigrons-i-xorico-una-recepta-del-xef-dani-lechuga\/#primaryimage"},"thumbnailUrl":"http:\/\/www.sucarn.es\/wp-content\/uploads\/2020\/03\/callos-con-garbanzos-y-chorizo-receta-chef-dani-lechuga-caldeni-sucarn.jpeg","keywords":["Barcelona","caldeni","la cocina de la carne","meatbar","Sucarn"],"articleSection":["Receptes de carn"],"inLanguage":"ca"},{"@type":"WebPage","@id":"https:\/\/www.sucarn.es\/ca\/tripa-amb-cigrons-i-xorico-una-recepta-del-xef-dani-lechuga\/","url":"https:\/\/www.sucarn.es\/ca\/tripa-amb-cigrons-i-xorico-una-recepta-del-xef-dani-lechuga\/","name":"Tripa amb cigrons y xori\u00e7o, una recepta del xef Dani Lechuga - Bienvenido","isPartOf":{"@id":"https:\/\/www.sucarn.es\/#website"},"primaryImageOfPage":{"@id":"https:\/\/www.sucarn.es\/ca\/tripa-amb-cigrons-i-xorico-una-recepta-del-xef-dani-lechuga\/#primaryimage"},"image":{"@id":"https:\/\/www.sucarn.es\/ca\/tripa-amb-cigrons-i-xorico-una-recepta-del-xef-dani-lechuga\/#primaryimage"},"thumbnailUrl":"http:\/\/www.sucarn.es\/wp-content\/uploads\/2020\/03\/callos-con-garbanzos-y-chorizo-receta-chef-dani-lechuga-caldeni-sucarn.jpeg","datePublished":"2020-03-06T12:47:23+00:00","breadcrumb":{"@id":"https:\/\/www.sucarn.es\/ca\/tripa-amb-cigrons-i-xorico-una-recepta-del-xef-dani-lechuga\/#breadcrumb"},"inLanguage":"ca","potentialAction":[{"@type":"ReadAction","target":["https:\/\/www.sucarn.es\/ca\/tripa-amb-cigrons-i-xorico-una-recepta-del-xef-dani-lechuga\/"]}]},{"@type":"ImageObject","inLanguage":"ca","@id":"https:\/\/www.sucarn.es\/ca\/tripa-amb-cigrons-i-xorico-una-recepta-del-xef-dani-lechuga\/#primaryimage","url":"http:\/\/www.sucarn.es\/wp-content\/uploads\/2020\/03\/callos-con-garbanzos-y-chorizo-receta-chef-dani-lechuga-caldeni-sucarn.jpeg","contentUrl":"http:\/\/www.sucarn.es\/wp-content\/uploads\/2020\/03\/callos-con-garbanzos-y-chorizo-receta-chef-dani-lechuga-caldeni-sucarn.jpeg"},{"@type":"BreadcrumbList","@id":"https:\/\/www.sucarn.es\/ca\/tripa-amb-cigrons-i-xorico-una-recepta-del-xef-dani-lechuga\/#breadcrumb","itemListElement":[{"@type":"ListItem","position":1,"name":"Home","item":"https:\/\/www.sucarn.es\/ca\/"},{"@type":"ListItem","position":2,"name":"Tripa amb cigrons y xori\u00e7o, una recepta del xef Dani Lechuga"}]},{"@type":"WebSite","@id":"https:\/\/www.sucarn.es\/#website","url":"https:\/\/www.sucarn.es\/","name":"Sucarn","description":"Sucarn","publisher":{"@id":"https:\/\/www.sucarn.es\/#organization"},"potentialAction":[{"@type":"SearchAction","target":{"@type":"EntryPoint","urlTemplate":"https:\/\/www.sucarn.es\/?s={search_term_string}"},"query-input":{"@type":"PropertyValueSpecification","valueRequired":true,"valueName":"search_term_string"}}],"inLanguage":"ca"},{"@type":"Organization","@id":"https:\/\/www.sucarn.es\/#organization","name":"Sucarn","url":"https:\/\/www.sucarn.es\/","logo":{"@type":"ImageObject","inLanguage":"ca","@id":"https:\/\/www.sucarn.es\/#\/schema\/logo\/image\/","url":"https:\/\/www.sucarn.es\/wp-content\/uploads\/2018\/03\/LOGO_SUCARN.png","contentUrl":"https:\/\/www.sucarn.es\/wp-content\/uploads\/2018\/03\/LOGO_SUCARN.png","width":300,"height":93,"caption":"Sucarn"},"image":{"@id":"https:\/\/www.sucarn.es\/#\/schema\/logo\/image\/"}},{"@type":"Person","@id":"https:\/\/www.sucarn.es\/#\/schema\/person\/bb166bc856ffb1bb5634ddf0baa2ebe5","name":"Sucarn","url":"https:\/\/www.sucarn.es\/ca\/author\/sucarn\/"}]}},"_links":{"self":[{"href":"https:\/\/www.sucarn.es\/ca\/wp-json\/wp\/v2\/posts\/2220","targetHints":{"allow":["GET"]}}],"collection":[{"href":"https:\/\/www.sucarn.es\/ca\/wp-json\/wp\/v2\/posts"}],"about":[{"href":"https:\/\/www.sucarn.es\/ca\/wp-json\/wp\/v2\/types\/post"}],"author":[{"embeddable":true,"href":"https:\/\/www.sucarn.es\/ca\/wp-json\/wp\/v2\/users\/2"}],"replies":[{"embeddable":true,"href":"https:\/\/www.sucarn.es\/ca\/wp-json\/wp\/v2\/comments?post=2220"}],"version-history":[{"count":4,"href":"https:\/\/www.sucarn.es\/ca\/wp-json\/wp\/v2\/posts\/2220\/revisions"}],"predecessor-version":[{"id":2224,"href":"https:\/\/www.sucarn.es\/ca\/wp-json\/wp\/v2\/posts\/2220\/revisions\/2224"}],"wp:attachment":[{"href":"https:\/\/www.sucarn.es\/ca\/wp-json\/wp\/v2\/media?parent=2220"}],"wp:term":[{"taxonomy":"category","embeddable":true,"href":"https:\/\/www.sucarn.es\/ca\/wp-json\/wp\/v2\/categories?post=2220"},{"taxonomy":"post_tag","embeddable":true,"href":"https:\/\/www.sucarn.es\/ca\/wp-json\/wp\/v2\/tags?post=2220"}],"curies":[{"name":"wp","href":"https:\/\/api.w.org\/{rel}","templated":true}]}}