{"id":2301,"date":"2020-04-25T09:34:23","date_gmt":"2020-04-25T09:34:23","guid":{"rendered":"http:\/\/www.sucarn.es\/?p=2301"},"modified":"2020-04-27T09:39:50","modified_gmt":"2020-04-27T09:39:50","slug":"bistec-tartar-del-bardeni-recepta-del-xef-dani-lechuga","status":"publish","type":"post","link":"https:\/\/www.sucarn.es\/ca\/bistec-tartar-del-bardeni-recepta-del-xef-dani-lechuga\/","title":{"rendered":"B\u00edstec t\u00e0rtar del Bardeni, recepta del xef Dani Lechuga"},"content":{"rendered":"<p><img fetchpriority=\"high\" decoding=\"async\" class=\"aligncenter wp-image-2312 size-full\" src=\"http:\/\/www.sucarn.es\/wp-content\/uploads\/2020\/04\/B\u00cdSTEC-TARTAR-DEL-BARDENI-CHEF-DANI-LECHUGA.jpg\" alt=\"B\u00edstec t\u00e0rtar del Bardeni, xef Dani Lechuga\" width=\"732\" height=\"842\" srcset=\"https:\/\/www.sucarn.es\/wp-content\/uploads\/2020\/04\/B\u00cdSTEC-TARTAR-DEL-BARDENI-CHEF-DANI-LECHUGA.jpg 732w, https:\/\/www.sucarn.es\/wp-content\/uploads\/2020\/04\/B\u00cdSTEC-TARTAR-DEL-BARDENI-CHEF-DANI-LECHUGA-600x690.jpg 600w, https:\/\/www.sucarn.es\/wp-content\/uploads\/2020\/04\/B\u00cdSTEC-TARTAR-DEL-BARDENI-CHEF-DANI-LECHUGA-261x300.jpg 261w\" sizes=\"(max-width: 732px) 100vw, 732px\" \/><\/p>\n","protected":false},"excerpt":{"rendered":"","protected":false},"author":2,"featured_media":0,"comment_status":"closed","ping_status":"closed","sticky":false,"template":"","format":"image","meta":{"footnotes":""},"categories":[86],"tags":[172,170,171,157,169,141],"class_list":["post-2301","post","type-post","status-publish","format-image","hentry","category-receptes-de-carn","tag-bardeni-ca","tag-bistec-tartar","tag-la-vanguardia","tag-recepta-xef-dani-lechuga","tag-steak-tartar","tag-sucarn-ca","post_format-post-format-image","align-left","box-shadow-0","box-shadow-0-hover","ast-product-gallery-layout-horizontal","ast-product-gallery-with-no-image","ast-product-tabs-layout-horizontal"],"yoast_head":"<!-- This site is optimized with the Yoast SEO plugin v27.3 - https:\/\/yoast.com\/product\/yoast-seo-wordpress\/ -->\n<title>B\u00edstec t\u00e0rtar del Bardeni, recepta del xef Dani Lechuga - Bienvenido<\/title>\n<meta name=\"robots\" content=\"index, follow, max-snippet:-1, max-image-preview:large, max-video-preview:-1\" \/>\n<link rel=\"canonical\" href=\"https:\/\/www.sucarn.es\/ca\/bistec-tartar-del-bardeni-recepta-del-xef-dani-lechuga\/\" \/>\n<meta property=\"og:locale\" content=\"ca_ES\" \/>\n<meta property=\"og:type\" content=\"article\" \/>\n<meta property=\"og:title\" content=\"B\u00edstec t\u00e0rtar del Bardeni, recepta del xef Dani Lechuga - Bienvenido\" \/>\n<meta property=\"og:url\" content=\"https:\/\/www.sucarn.es\/ca\/bistec-tartar-del-bardeni-recepta-del-xef-dani-lechuga\/\" \/>\n<meta property=\"og:site_name\" content=\"Bienvenido\" \/>\n<meta property=\"article:published_time\" content=\"2020-04-25T09:34:23+00:00\" \/>\n<meta property=\"article:modified_time\" content=\"2020-04-27T09:39:50+00:00\" \/>\n<meta name=\"author\" content=\"Sucarn\" \/>\n<meta name=\"twitter:card\" content=\"summary_large_image\" \/>\n<meta name=\"twitter:label1\" content=\"Escrit per\" \/>\n\t<meta name=\"twitter:data1\" content=\"Sucarn\" \/>\n<script type=\"application\/ld+json\" class=\"yoast-schema-graph\">{\"@context\":\"https:\\\/\\\/schema.org\",\"@graph\":[{\"@type\":\"Article\",\"@id\":\"https:\\\/\\\/www.sucarn.es\\\/ca\\\/bistec-tartar-del-bardeni-recepta-del-xef-dani-lechuga\\\/#article\",\"isPartOf\":{\"@id\":\"https:\\\/\\\/www.sucarn.es\\\/ca\\\/bistec-tartar-del-bardeni-recepta-del-xef-dani-lechuga\\\/\"},\"author\":{\"name\":\"Sucarn\",\"@id\":\"https:\\\/\\\/www.sucarn.es\\\/#\\\/schema\\\/person\\\/bb166bc856ffb1bb5634ddf0baa2ebe5\"},\"headline\":\"B\u00edstec t\u00e0rtar del Bardeni, recepta del xef Dani Lechuga\",\"datePublished\":\"2020-04-25T09:34:23+00:00\",\"dateModified\":\"2020-04-27T09:39:50+00:00\",\"mainEntityOfPage\":{\"@id\":\"https:\\\/\\\/www.sucarn.es\\\/ca\\\/bistec-tartar-del-bardeni-recepta-del-xef-dani-lechuga\\\/\"},\"wordCount\":11,\"publisher\":{\"@id\":\"https:\\\/\\\/www.sucarn.es\\\/#organization\"},\"keywords\":[\"Bardeni\",\"b\u00edstec t\u00e0rtar\",\"LA VANGUARDIA\",\"recepta xef Dani Lechuga\",\"steak t\u00e0rtar\",\"Sucarn\"],\"articleSection\":[\"Receptes de carn\"],\"inLanguage\":\"ca\"},{\"@type\":\"WebPage\",\"@id\":\"https:\\\/\\\/www.sucarn.es\\\/ca\\\/bistec-tartar-del-bardeni-recepta-del-xef-dani-lechuga\\\/\",\"url\":\"https:\\\/\\\/www.sucarn.es\\\/ca\\\/bistec-tartar-del-bardeni-recepta-del-xef-dani-lechuga\\\/\",\"name\":\"B\u00edstec t\u00e0rtar del Bardeni, recepta del xef Dani Lechuga - Bienvenido\",\"isPartOf\":{\"@id\":\"https:\\\/\\\/www.sucarn.es\\\/#website\"},\"datePublished\":\"2020-04-25T09:34:23+00:00\",\"dateModified\":\"2020-04-27T09:39:50+00:00\",\"breadcrumb\":{\"@id\":\"https:\\\/\\\/www.sucarn.es\\\/ca\\\/bistec-tartar-del-bardeni-recepta-del-xef-dani-lechuga\\\/#breadcrumb\"},\"inLanguage\":\"ca\",\"potentialAction\":[{\"@type\":\"ReadAction\",\"target\":[\"https:\\\/\\\/www.sucarn.es\\\/ca\\\/bistec-tartar-del-bardeni-recepta-del-xef-dani-lechuga\\\/\"]}]},{\"@type\":\"BreadcrumbList\",\"@id\":\"https:\\\/\\\/www.sucarn.es\\\/ca\\\/bistec-tartar-del-bardeni-recepta-del-xef-dani-lechuga\\\/#breadcrumb\",\"itemListElement\":[{\"@type\":\"ListItem\",\"position\":1,\"name\":\"Home\",\"item\":\"https:\\\/\\\/www.sucarn.es\\\/ca\\\/\"},{\"@type\":\"ListItem\",\"position\":2,\"name\":\"B\u00edstec t\u00e0rtar del Bardeni, recepta del xef Dani Lechuga\"}]},{\"@type\":\"WebSite\",\"@id\":\"https:\\\/\\\/www.sucarn.es\\\/#website\",\"url\":\"https:\\\/\\\/www.sucarn.es\\\/\",\"name\":\"Sucarn\",\"description\":\"Sucarn\",\"publisher\":{\"@id\":\"https:\\\/\\\/www.sucarn.es\\\/#organization\"},\"potentialAction\":[{\"@type\":\"SearchAction\",\"target\":{\"@type\":\"EntryPoint\",\"urlTemplate\":\"https:\\\/\\\/www.sucarn.es\\\/?s={search_term_string}\"},\"query-input\":{\"@type\":\"PropertyValueSpecification\",\"valueRequired\":true,\"valueName\":\"search_term_string\"}}],\"inLanguage\":\"ca\"},{\"@type\":\"Organization\",\"@id\":\"https:\\\/\\\/www.sucarn.es\\\/#organization\",\"name\":\"Sucarn\",\"url\":\"https:\\\/\\\/www.sucarn.es\\\/\",\"logo\":{\"@type\":\"ImageObject\",\"inLanguage\":\"ca\",\"@id\":\"https:\\\/\\\/www.sucarn.es\\\/#\\\/schema\\\/logo\\\/image\\\/\",\"url\":\"https:\\\/\\\/www.sucarn.es\\\/wp-content\\\/uploads\\\/2018\\\/03\\\/LOGO_SUCARN.png\",\"contentUrl\":\"https:\\\/\\\/www.sucarn.es\\\/wp-content\\\/uploads\\\/2018\\\/03\\\/LOGO_SUCARN.png\",\"width\":300,\"height\":93,\"caption\":\"Sucarn\"},\"image\":{\"@id\":\"https:\\\/\\\/www.sucarn.es\\\/#\\\/schema\\\/logo\\\/image\\\/\"}},{\"@type\":\"Person\",\"@id\":\"https:\\\/\\\/www.sucarn.es\\\/#\\\/schema\\\/person\\\/bb166bc856ffb1bb5634ddf0baa2ebe5\",\"name\":\"Sucarn\",\"url\":\"https:\\\/\\\/www.sucarn.es\\\/ca\\\/author\\\/sucarn\\\/\"}]}<\/script>\n<!-- \/ Yoast SEO plugin. -->","yoast_head_json":{"title":"B\u00edstec t\u00e0rtar del Bardeni, recepta del xef Dani Lechuga - Bienvenido","robots":{"index":"index","follow":"follow","max-snippet":"max-snippet:-1","max-image-preview":"max-image-preview:large","max-video-preview":"max-video-preview:-1"},"canonical":"https:\/\/www.sucarn.es\/ca\/bistec-tartar-del-bardeni-recepta-del-xef-dani-lechuga\/","og_locale":"ca_ES","og_type":"article","og_title":"B\u00edstec t\u00e0rtar del Bardeni, recepta del xef Dani Lechuga - Bienvenido","og_url":"https:\/\/www.sucarn.es\/ca\/bistec-tartar-del-bardeni-recepta-del-xef-dani-lechuga\/","og_site_name":"Bienvenido","article_published_time":"2020-04-25T09:34:23+00:00","article_modified_time":"2020-04-27T09:39:50+00:00","author":"Sucarn","twitter_card":"summary_large_image","twitter_misc":{"Escrit per":"Sucarn"},"schema":{"@context":"https:\/\/schema.org","@graph":[{"@type":"Article","@id":"https:\/\/www.sucarn.es\/ca\/bistec-tartar-del-bardeni-recepta-del-xef-dani-lechuga\/#article","isPartOf":{"@id":"https:\/\/www.sucarn.es\/ca\/bistec-tartar-del-bardeni-recepta-del-xef-dani-lechuga\/"},"author":{"name":"Sucarn","@id":"https:\/\/www.sucarn.es\/#\/schema\/person\/bb166bc856ffb1bb5634ddf0baa2ebe5"},"headline":"B\u00edstec t\u00e0rtar del Bardeni, recepta del xef Dani Lechuga","datePublished":"2020-04-25T09:34:23+00:00","dateModified":"2020-04-27T09:39:50+00:00","mainEntityOfPage":{"@id":"https:\/\/www.sucarn.es\/ca\/bistec-tartar-del-bardeni-recepta-del-xef-dani-lechuga\/"},"wordCount":11,"publisher":{"@id":"https:\/\/www.sucarn.es\/#organization"},"keywords":["Bardeni","b\u00edstec t\u00e0rtar","LA VANGUARDIA","recepta xef Dani Lechuga","steak t\u00e0rtar","Sucarn"],"articleSection":["Receptes de carn"],"inLanguage":"ca"},{"@type":"WebPage","@id":"https:\/\/www.sucarn.es\/ca\/bistec-tartar-del-bardeni-recepta-del-xef-dani-lechuga\/","url":"https:\/\/www.sucarn.es\/ca\/bistec-tartar-del-bardeni-recepta-del-xef-dani-lechuga\/","name":"B\u00edstec t\u00e0rtar del Bardeni, recepta del xef Dani Lechuga - Bienvenido","isPartOf":{"@id":"https:\/\/www.sucarn.es\/#website"},"datePublished":"2020-04-25T09:34:23+00:00","dateModified":"2020-04-27T09:39:50+00:00","breadcrumb":{"@id":"https:\/\/www.sucarn.es\/ca\/bistec-tartar-del-bardeni-recepta-del-xef-dani-lechuga\/#breadcrumb"},"inLanguage":"ca","potentialAction":[{"@type":"ReadAction","target":["https:\/\/www.sucarn.es\/ca\/bistec-tartar-del-bardeni-recepta-del-xef-dani-lechuga\/"]}]},{"@type":"BreadcrumbList","@id":"https:\/\/www.sucarn.es\/ca\/bistec-tartar-del-bardeni-recepta-del-xef-dani-lechuga\/#breadcrumb","itemListElement":[{"@type":"ListItem","position":1,"name":"Home","item":"https:\/\/www.sucarn.es\/ca\/"},{"@type":"ListItem","position":2,"name":"B\u00edstec t\u00e0rtar del Bardeni, recepta del xef Dani Lechuga"}]},{"@type":"WebSite","@id":"https:\/\/www.sucarn.es\/#website","url":"https:\/\/www.sucarn.es\/","name":"Sucarn","description":"Sucarn","publisher":{"@id":"https:\/\/www.sucarn.es\/#organization"},"potentialAction":[{"@type":"SearchAction","target":{"@type":"EntryPoint","urlTemplate":"https:\/\/www.sucarn.es\/?s={search_term_string}"},"query-input":{"@type":"PropertyValueSpecification","valueRequired":true,"valueName":"search_term_string"}}],"inLanguage":"ca"},{"@type":"Organization","@id":"https:\/\/www.sucarn.es\/#organization","name":"Sucarn","url":"https:\/\/www.sucarn.es\/","logo":{"@type":"ImageObject","inLanguage":"ca","@id":"https:\/\/www.sucarn.es\/#\/schema\/logo\/image\/","url":"https:\/\/www.sucarn.es\/wp-content\/uploads\/2018\/03\/LOGO_SUCARN.png","contentUrl":"https:\/\/www.sucarn.es\/wp-content\/uploads\/2018\/03\/LOGO_SUCARN.png","width":300,"height":93,"caption":"Sucarn"},"image":{"@id":"https:\/\/www.sucarn.es\/#\/schema\/logo\/image\/"}},{"@type":"Person","@id":"https:\/\/www.sucarn.es\/#\/schema\/person\/bb166bc856ffb1bb5634ddf0baa2ebe5","name":"Sucarn","url":"https:\/\/www.sucarn.es\/ca\/author\/sucarn\/"}]}},"_links":{"self":[{"href":"https:\/\/www.sucarn.es\/ca\/wp-json\/wp\/v2\/posts\/2301","targetHints":{"allow":["GET"]}}],"collection":[{"href":"https:\/\/www.sucarn.es\/ca\/wp-json\/wp\/v2\/posts"}],"about":[{"href":"https:\/\/www.sucarn.es\/ca\/wp-json\/wp\/v2\/types\/post"}],"author":[{"embeddable":true,"href":"https:\/\/www.sucarn.es\/ca\/wp-json\/wp\/v2\/users\/2"}],"replies":[{"embeddable":true,"href":"https:\/\/www.sucarn.es\/ca\/wp-json\/wp\/v2\/comments?post=2301"}],"version-history":[{"count":4,"href":"https:\/\/www.sucarn.es\/ca\/wp-json\/wp\/v2\/posts\/2301\/revisions"}],"predecessor-version":[{"id":2317,"href":"https:\/\/www.sucarn.es\/ca\/wp-json\/wp\/v2\/posts\/2301\/revisions\/2317"}],"wp:attachment":[{"href":"https:\/\/www.sucarn.es\/ca\/wp-json\/wp\/v2\/media?parent=2301"}],"wp:term":[{"taxonomy":"category","embeddable":true,"href":"https:\/\/www.sucarn.es\/ca\/wp-json\/wp\/v2\/categories?post=2301"},{"taxonomy":"post_tag","embeddable":true,"href":"https:\/\/www.sucarn.es\/ca\/wp-json\/wp\/v2\/tags?post=2301"}],"curies":[{"name":"wp","href":"https:\/\/api.w.org\/{rel}","templated":true}]}}