{"id":3285,"date":"2021-01-15T13:13:48","date_gmt":"2021-01-15T13:13:48","guid":{"rendered":"https:\/\/www.sucarn.es\/?p=3285"},"modified":"2021-01-19T18:14:31","modified_gmt":"2021-01-19T18:14:31","slug":"amb-aquest-fred-ve-de-gust-un-bon-garrinet","status":"publish","type":"post","link":"https:\/\/www.sucarn.es\/ca\/amb-aquest-fred-ve-de-gust-un-bon-garrinet\/","title":{"rendered":"Amb aquest fred, ve de gust un bon garrinet!"},"content":{"rendered":"<h4 style=\"text-align: center;\"><strong>\u00a0T&#8217;engresques a cuinar un garrinet i gaudir d&#8217;una carn exquisida? Amb aquest fred, ve de gust un bon garrinet! Per aix\u00f2, aqu\u00ed tens la recepta de garrinet rostit amb pomes en <em>micropapillote<\/em> del xef Dani Lechuga<\/strong><\/h4>\n<p>&nbsp;<\/p>\n<figure id=\"attachment_3158\" aria-describedby=\"caption-attachment-3158\" style=\"width: 316px\" class=\"wp-caption aligncenter\"><img fetchpriority=\"high\" decoding=\"async\" class=\"wp-image-3158\" src=\"https:\/\/www.sucarn.es\/wp-content\/uploads\/2020\/09\/cochinillo-asado-receta-chef-Dani-Lechuga-SUCARN-252x300.jpg\" alt=\"Amb aquest fred ve de gust un bon garrinet!\" width=\"316\" height=\"376\" srcset=\"https:\/\/www.sucarn.es\/wp-content\/uploads\/2020\/09\/cochinillo-asado-receta-chef-Dani-Lechuga-SUCARN-252x300.jpg 252w, https:\/\/www.sucarn.es\/wp-content\/uploads\/2020\/09\/cochinillo-asado-receta-chef-Dani-Lechuga-SUCARN.jpg 538w\" sizes=\"(max-width: 316px) 100vw, 316px\" \/><figcaption id=\"caption-attachment-3158\" class=\"wp-caption-text\">Recepta de garrinet amb pomes<\/figcaption><\/figure>\n<h4 style=\"text-align: center;\">Amb aquest fred, ve de gust un bon garrinet! Gaudeix d&#8217;una carn deliciosa!<\/h4>\n<h6 style=\"text-align: center;\"><\/h6>\n<h6 style=\"text-align: center;\"><strong>\u00a0<\/strong><\/h6>\n<h3 style=\"text-align: center;\"><span style=\"color: #000080;\">INGREDIENTS<\/span><\/h3>\n<p style=\"text-align: center;\">1 garrinet de 4 kg<\/p>\n<p style=\"text-align: center;\">1 kg de sal gruixuda<\/p>\n<p style=\"text-align: center;\">500 ml de vi blanc<\/p>\n<p style=\"text-align: center;\">2 cebes<\/p>\n<p style=\"text-align: center;\">1 pastanaga<\/p>\n<p style=\"text-align: center;\">2 pomes Golden<\/p>\n<p style=\"text-align: center;\">1 porro<\/p>\n<h6 style=\"text-align: center;\"><strong>Ara que ja ho tens tot, segueix la recepta i et quedar\u00e0 un garrinet delici\u00f3s!<\/strong><\/h6>\n<p>&nbsp;<\/p>\n<h3 style=\"text-align: center;\"><span style=\"color: #000080;\">ELABORACI\u00d3<br \/>\n<\/span><\/h3>\n<ul>\n<li>Fer l&#8217;especejament del garrinet.<\/li>\n<li>A continuaci\u00f3, posar-lo a marinar a la nevera durant 4 hores, cobert de sal gruixuda. Passat aquest temps, rentar sota l&#8217;aixeta.<\/li>\n<li>Trossejar les verdures, posar-les en una safata de forn y regar-les amb el vi blanc. Despr\u00e9s col.locar el garrinet amb la part de la pell cap avall i enfonar 2 hores a 180 graus.<\/li>\n<li>Passat aquest temps, donar la volta i pintar amb oli d&#8217;oliva.<\/li>\n<li><strong>Enfornar 1 hora m\u00e9s a 200 graus fins que la pell quedi cruixent.<\/strong><\/li>\n<li>A continuaci\u00f3, pelar i tallar la pomar. Posar-les en un plat cobert amb paper film i coure al microones durante 2 minuts a m\u00e0xima pot\u00e8ncia.<\/li>\n<li>Despr\u00e9s fer un pur\u00e9 amb les verdures del rostit i el suc de cocci\u00f3 del garrinet.<\/li>\n<li><strong>EMPLATAT:<\/strong> Repartir las peces del garrinet en 4 plats. Acompanyar de les pomes a la micropapillote. La salsa es pot servir en una salsera.<\/li>\n<\/ul>\n<h6 style=\"text-align: center;\">Doncs ja ho tens, un garrinet rostit espectacular! Amb aquest fred, i tant que ve de gust un bon garrinet!!<\/h6>\n<p>&nbsp;<\/p>\n<h3 style=\"text-align: center;\">Una bona recepta necessita un bon producte<\/h3>\n<p>Per a un resultat \u00f2ptim, no nom\u00e9s la recepta \u00e9s important, ans tamb\u00e9 un producte excel.lent!<br \/>\nConeixes la nostra marca\u00a0 <a href=\"https:\/\/www.sucarn.es\/ca\/les-nostres-marques\/\">GUDAY<\/a>?\u00a0 Si ets professional d&#8217;hosteleria (HORECA), amb la nostra marca <strong><span class=\"\\\">GUDAY<\/span> t&#8217;oferim un est\u00e0ndar \u00f2ptim de garrinets seleccionats i revisats pe\u00e7a a pe\u00e7a.<br \/>\n<\/strong><br \/>\nA<a href=\"https:\/\/www.sucarn.es\/ca\/sucarn-empresa-majorista-de-carn-a-mercabarna-servei-restauracio\/\"> SUCARN<\/a>et garantim la m\u00e9s alta qualitat.\u00a0 <strong>Som especialistes en carns selectes<\/strong>. Per aix\u00f2, et convidem a veure la <strong>nostra <a href=\"https:\/\/www.sucarn.es\/ca\/productes\/\">amplia gama de productes<\/a> de la m\u00e9s alta qualitat, tant carns selectes com ex\u00f2tiques.<\/strong><\/p>\n<p><img decoding=\"async\" class=\"alignleft wp-image-3155 size-medium\" src=\"https:\/\/www.sucarn.es\/wp-content\/uploads\/2020\/09\/foto-cochinillo-receta-chef-Dani-Lechuga-SUCARN-2-252x300.jpg\" alt=\"Amb aquest fred ve de gust un bon garrinet!\" width=\"252\" height=\"300\" srcset=\"https:\/\/www.sucarn.es\/wp-content\/uploads\/2020\/09\/foto-cochinillo-receta-chef-Dani-Lechuga-SUCARN-2-252x300.jpg 252w, https:\/\/www.sucarn.es\/wp-content\/uploads\/2020\/09\/foto-cochinillo-receta-chef-Dani-Lechuga-SUCARN-2.jpg 538w\" sizes=\"(max-width: 252px) 100vw, 252px\" \/><\/p>\n<p style=\"text-align: left;\">Des <a href=\"https:\/\/www.sucarn.es\/ca\/contacte\/\">SUCARN<\/a> agra\u00efm al <a href=\"https:\/\/www.bardeni.es\/ca\/la-nostra-carta\/\"><strong>xef Dani Lechuga<\/strong><\/a> la generositat de compartir amb nosaltres aquesta recepta<strong>.<\/strong><\/p>\n","protected":false},"excerpt":{"rendered":"<p>\u00a0T&#8217;engresques a cuinar un garrinet i gaudir d&#8217;una carn exquisida? Amb aquest fred, ve de gust un bon garrinet! Per aix\u00f2, aqu\u00ed tens la recepta de garrinet rostit amb pomes en micropapillote del xef Dani Lechuga &nbsp; Amb aquest fred, ve de gust un bon garrinet! Gaudeix d&#8217;una carn deliciosa! \u00a0 INGREDIENTS 1 garrinet de &hellip;<\/p>\n<p class=\"read-more\"> <a class=\"\" href=\"https:\/\/www.sucarn.es\/ca\/amb-aquest-fred-ve-de-gust-un-bon-garrinet\/\"> <span class=\"screen-reader-text\">Amb aquest fred, ve de gust un bon garrinet!<\/span> Read More \u00bb<\/a><\/p>\n","protected":false},"author":2,"featured_media":0,"comment_status":"closed","ping_status":"closed","sticky":false,"template":"","format":"standard","meta":{"footnotes":""},"categories":[86],"tags":[74,143,363,366,368,367,364,157,365,141],"class_list":["post-3285","post","type-post","status-publish","format-standard","hentry","category-receptes-de-carn","tag-barcelona","tag-carns-selectes","tag-garrinet","tag-garrinets-de-gran-qualitat","tag-guday-ca","tag-majoristes","tag-recepta-garrinet","tag-recepta-xef-dani-lechuga","tag-receptes-de-carn","tag-sucarn-ca","align-left","box-shadow-0","box-shadow-0-hover","ast-product-gallery-layout-horizontal","ast-product-gallery-with-no-image","ast-product-tabs-layout-horizontal"],"yoast_head":"<!-- This site is optimized with the Yoast SEO plugin v27.3 - https:\/\/yoast.com\/product\/yoast-seo-wordpress\/ -->\n<title>Amb aquest fred, ve de gust un bon garrinet! - Bienvenido<\/title>\n<meta name=\"description\" content=\"Aqu\u00ed tens la recepta del xef Dani Lechuga de garrinet amb pomes. Triomfar\u00e0s segur! Perqu\u00e8 amb aquest fred ve de gust un bon garrinet!\" \/>\n<meta name=\"robots\" content=\"index, follow, max-snippet:-1, max-image-preview:large, max-video-preview:-1\" \/>\n<link rel=\"canonical\" href=\"https:\/\/www.sucarn.es\/ca\/amb-aquest-fred-ve-de-gust-un-bon-garrinet\/\" \/>\n<meta property=\"og:locale\" content=\"ca_ES\" \/>\n<meta property=\"og:type\" content=\"article\" \/>\n<meta property=\"og:title\" content=\"Amb aquest fred, ve de gust un bon garrinet! - Bienvenido\" \/>\n<meta property=\"og:description\" content=\"Aqu\u00ed tens la recepta del xef Dani Lechuga de garrinet amb pomes. Triomfar\u00e0s segur! Perqu\u00e8 amb aquest fred ve de gust un bon garrinet!\" \/>\n<meta property=\"og:url\" content=\"https:\/\/www.sucarn.es\/ca\/amb-aquest-fred-ve-de-gust-un-bon-garrinet\/\" \/>\n<meta property=\"og:site_name\" content=\"Bienvenido\" \/>\n<meta property=\"article:published_time\" content=\"2021-01-15T13:13:48+00:00\" \/>\n<meta property=\"article:modified_time\" content=\"2021-01-19T18:14:31+00:00\" \/>\n<meta property=\"og:image\" content=\"https:\/\/www.sucarn.es\/wp-content\/uploads\/2020\/09\/cochinillo-asado-receta-chef-Dani-Lechuga-SUCARN-252x300.jpg\" \/>\n<meta name=\"author\" content=\"Sucarn\" \/>\n<meta name=\"twitter:card\" content=\"summary_large_image\" \/>\n<meta name=\"twitter:label1\" content=\"Escrit per\" \/>\n\t<meta name=\"twitter:data1\" content=\"Sucarn\" \/>\n\t<meta name=\"twitter:label2\" content=\"Temps estimat de lectura\" \/>\n\t<meta name=\"twitter:data2\" content=\"3 minuts\" \/>\n<script type=\"application\/ld+json\" class=\"yoast-schema-graph\">{\"@context\":\"https:\\\/\\\/schema.org\",\"@graph\":[{\"@type\":\"Article\",\"@id\":\"https:\\\/\\\/www.sucarn.es\\\/ca\\\/amb-aquest-fred-ve-de-gust-un-bon-garrinet\\\/#article\",\"isPartOf\":{\"@id\":\"https:\\\/\\\/www.sucarn.es\\\/ca\\\/amb-aquest-fred-ve-de-gust-un-bon-garrinet\\\/\"},\"author\":{\"name\":\"Sucarn\",\"@id\":\"https:\\\/\\\/www.sucarn.es\\\/#\\\/schema\\\/person\\\/bb166bc856ffb1bb5634ddf0baa2ebe5\"},\"headline\":\"Amb aquest fred, ve de gust un bon garrinet!\",\"datePublished\":\"2021-01-15T13:13:48+00:00\",\"dateModified\":\"2021-01-19T18:14:31+00:00\",\"mainEntityOfPage\":{\"@id\":\"https:\\\/\\\/www.sucarn.es\\\/ca\\\/amb-aquest-fred-ve-de-gust-un-bon-garrinet\\\/\"},\"wordCount\":382,\"publisher\":{\"@id\":\"https:\\\/\\\/www.sucarn.es\\\/#organization\"},\"image\":{\"@id\":\"https:\\\/\\\/www.sucarn.es\\\/ca\\\/amb-aquest-fred-ve-de-gust-un-bon-garrinet\\\/#primaryimage\"},\"thumbnailUrl\":\"https:\\\/\\\/www.sucarn.es\\\/wp-content\\\/uploads\\\/2020\\\/09\\\/cochinillo-asado-receta-chef-Dani-Lechuga-SUCARN-252x300.jpg\",\"keywords\":[\"Barcelona\",\"carns selectes\",\"garrinet\",\"Garrinets de gran qualitat\",\"GUDAY\",\"Majoristes\",\"recepta garrinet\",\"recepta xef Dani Lechuga\",\"receptes de carn\",\"Sucarn\"],\"articleSection\":[\"Receptes de carn\"],\"inLanguage\":\"ca\"},{\"@type\":\"WebPage\",\"@id\":\"https:\\\/\\\/www.sucarn.es\\\/ca\\\/amb-aquest-fred-ve-de-gust-un-bon-garrinet\\\/\",\"url\":\"https:\\\/\\\/www.sucarn.es\\\/ca\\\/amb-aquest-fred-ve-de-gust-un-bon-garrinet\\\/\",\"name\":\"Amb aquest fred, ve de gust un bon garrinet! - Bienvenido\",\"isPartOf\":{\"@id\":\"https:\\\/\\\/www.sucarn.es\\\/#website\"},\"primaryImageOfPage\":{\"@id\":\"https:\\\/\\\/www.sucarn.es\\\/ca\\\/amb-aquest-fred-ve-de-gust-un-bon-garrinet\\\/#primaryimage\"},\"image\":{\"@id\":\"https:\\\/\\\/www.sucarn.es\\\/ca\\\/amb-aquest-fred-ve-de-gust-un-bon-garrinet\\\/#primaryimage\"},\"thumbnailUrl\":\"https:\\\/\\\/www.sucarn.es\\\/wp-content\\\/uploads\\\/2020\\\/09\\\/cochinillo-asado-receta-chef-Dani-Lechuga-SUCARN-252x300.jpg\",\"datePublished\":\"2021-01-15T13:13:48+00:00\",\"dateModified\":\"2021-01-19T18:14:31+00:00\",\"description\":\"Aqu\u00ed tens la recepta del xef Dani Lechuga de garrinet amb pomes. Triomfar\u00e0s segur! Perqu\u00e8 amb aquest fred ve de gust un bon garrinet!\",\"breadcrumb\":{\"@id\":\"https:\\\/\\\/www.sucarn.es\\\/ca\\\/amb-aquest-fred-ve-de-gust-un-bon-garrinet\\\/#breadcrumb\"},\"inLanguage\":\"ca\",\"potentialAction\":[{\"@type\":\"ReadAction\",\"target\":[\"https:\\\/\\\/www.sucarn.es\\\/ca\\\/amb-aquest-fred-ve-de-gust-un-bon-garrinet\\\/\"]}]},{\"@type\":\"ImageObject\",\"inLanguage\":\"ca\",\"@id\":\"https:\\\/\\\/www.sucarn.es\\\/ca\\\/amb-aquest-fred-ve-de-gust-un-bon-garrinet\\\/#primaryimage\",\"url\":\"https:\\\/\\\/www.sucarn.es\\\/wp-content\\\/uploads\\\/2020\\\/09\\\/cochinillo-asado-receta-chef-Dani-Lechuga-SUCARN-252x300.jpg\",\"contentUrl\":\"https:\\\/\\\/www.sucarn.es\\\/wp-content\\\/uploads\\\/2020\\\/09\\\/cochinillo-asado-receta-chef-Dani-Lechuga-SUCARN-252x300.jpg\"},{\"@type\":\"BreadcrumbList\",\"@id\":\"https:\\\/\\\/www.sucarn.es\\\/ca\\\/amb-aquest-fred-ve-de-gust-un-bon-garrinet\\\/#breadcrumb\",\"itemListElement\":[{\"@type\":\"ListItem\",\"position\":1,\"name\":\"Home\",\"item\":\"https:\\\/\\\/www.sucarn.es\\\/ca\\\/\"},{\"@type\":\"ListItem\",\"position\":2,\"name\":\"Amb aquest fred, ve de gust un bon garrinet!\"}]},{\"@type\":\"WebSite\",\"@id\":\"https:\\\/\\\/www.sucarn.es\\\/#website\",\"url\":\"https:\\\/\\\/www.sucarn.es\\\/\",\"name\":\"Sucarn\",\"description\":\"Sucarn\",\"publisher\":{\"@id\":\"https:\\\/\\\/www.sucarn.es\\\/#organization\"},\"potentialAction\":[{\"@type\":\"SearchAction\",\"target\":{\"@type\":\"EntryPoint\",\"urlTemplate\":\"https:\\\/\\\/www.sucarn.es\\\/?s={search_term_string}\"},\"query-input\":{\"@type\":\"PropertyValueSpecification\",\"valueRequired\":true,\"valueName\":\"search_term_string\"}}],\"inLanguage\":\"ca\"},{\"@type\":\"Organization\",\"@id\":\"https:\\\/\\\/www.sucarn.es\\\/#organization\",\"name\":\"Sucarn\",\"url\":\"https:\\\/\\\/www.sucarn.es\\\/\",\"logo\":{\"@type\":\"ImageObject\",\"inLanguage\":\"ca\",\"@id\":\"https:\\\/\\\/www.sucarn.es\\\/#\\\/schema\\\/logo\\\/image\\\/\",\"url\":\"https:\\\/\\\/www.sucarn.es\\\/wp-content\\\/uploads\\\/2018\\\/03\\\/LOGO_SUCARN.png\",\"contentUrl\":\"https:\\\/\\\/www.sucarn.es\\\/wp-content\\\/uploads\\\/2018\\\/03\\\/LOGO_SUCARN.png\",\"width\":300,\"height\":93,\"caption\":\"Sucarn\"},\"image\":{\"@id\":\"https:\\\/\\\/www.sucarn.es\\\/#\\\/schema\\\/logo\\\/image\\\/\"}},{\"@type\":\"Person\",\"@id\":\"https:\\\/\\\/www.sucarn.es\\\/#\\\/schema\\\/person\\\/bb166bc856ffb1bb5634ddf0baa2ebe5\",\"name\":\"Sucarn\",\"url\":\"https:\\\/\\\/www.sucarn.es\\\/ca\\\/author\\\/sucarn\\\/\"}]}<\/script>\n<!-- \/ Yoast SEO plugin. -->","yoast_head_json":{"title":"Amb aquest fred, ve de gust un bon garrinet! - Bienvenido","description":"Aqu\u00ed tens la recepta del xef Dani Lechuga de garrinet amb pomes. Triomfar\u00e0s segur! Perqu\u00e8 amb aquest fred ve de gust un bon garrinet!","robots":{"index":"index","follow":"follow","max-snippet":"max-snippet:-1","max-image-preview":"max-image-preview:large","max-video-preview":"max-video-preview:-1"},"canonical":"https:\/\/www.sucarn.es\/ca\/amb-aquest-fred-ve-de-gust-un-bon-garrinet\/","og_locale":"ca_ES","og_type":"article","og_title":"Amb aquest fred, ve de gust un bon garrinet! - Bienvenido","og_description":"Aqu\u00ed tens la recepta del xef Dani Lechuga de garrinet amb pomes. Triomfar\u00e0s segur! Perqu\u00e8 amb aquest fred ve de gust un bon garrinet!","og_url":"https:\/\/www.sucarn.es\/ca\/amb-aquest-fred-ve-de-gust-un-bon-garrinet\/","og_site_name":"Bienvenido","article_published_time":"2021-01-15T13:13:48+00:00","article_modified_time":"2021-01-19T18:14:31+00:00","og_image":[{"url":"https:\/\/www.sucarn.es\/wp-content\/uploads\/2020\/09\/cochinillo-asado-receta-chef-Dani-Lechuga-SUCARN-252x300.jpg","type":"","width":"","height":""}],"author":"Sucarn","twitter_card":"summary_large_image","twitter_misc":{"Escrit per":"Sucarn","Temps estimat de lectura":"3 minuts"},"schema":{"@context":"https:\/\/schema.org","@graph":[{"@type":"Article","@id":"https:\/\/www.sucarn.es\/ca\/amb-aquest-fred-ve-de-gust-un-bon-garrinet\/#article","isPartOf":{"@id":"https:\/\/www.sucarn.es\/ca\/amb-aquest-fred-ve-de-gust-un-bon-garrinet\/"},"author":{"name":"Sucarn","@id":"https:\/\/www.sucarn.es\/#\/schema\/person\/bb166bc856ffb1bb5634ddf0baa2ebe5"},"headline":"Amb aquest fred, ve de gust un bon garrinet!","datePublished":"2021-01-15T13:13:48+00:00","dateModified":"2021-01-19T18:14:31+00:00","mainEntityOfPage":{"@id":"https:\/\/www.sucarn.es\/ca\/amb-aquest-fred-ve-de-gust-un-bon-garrinet\/"},"wordCount":382,"publisher":{"@id":"https:\/\/www.sucarn.es\/#organization"},"image":{"@id":"https:\/\/www.sucarn.es\/ca\/amb-aquest-fred-ve-de-gust-un-bon-garrinet\/#primaryimage"},"thumbnailUrl":"https:\/\/www.sucarn.es\/wp-content\/uploads\/2020\/09\/cochinillo-asado-receta-chef-Dani-Lechuga-SUCARN-252x300.jpg","keywords":["Barcelona","carns selectes","garrinet","Garrinets de gran qualitat","GUDAY","Majoristes","recepta garrinet","recepta xef Dani Lechuga","receptes de carn","Sucarn"],"articleSection":["Receptes de carn"],"inLanguage":"ca"},{"@type":"WebPage","@id":"https:\/\/www.sucarn.es\/ca\/amb-aquest-fred-ve-de-gust-un-bon-garrinet\/","url":"https:\/\/www.sucarn.es\/ca\/amb-aquest-fred-ve-de-gust-un-bon-garrinet\/","name":"Amb aquest fred, ve de gust un bon garrinet! - Bienvenido","isPartOf":{"@id":"https:\/\/www.sucarn.es\/#website"},"primaryImageOfPage":{"@id":"https:\/\/www.sucarn.es\/ca\/amb-aquest-fred-ve-de-gust-un-bon-garrinet\/#primaryimage"},"image":{"@id":"https:\/\/www.sucarn.es\/ca\/amb-aquest-fred-ve-de-gust-un-bon-garrinet\/#primaryimage"},"thumbnailUrl":"https:\/\/www.sucarn.es\/wp-content\/uploads\/2020\/09\/cochinillo-asado-receta-chef-Dani-Lechuga-SUCARN-252x300.jpg","datePublished":"2021-01-15T13:13:48+00:00","dateModified":"2021-01-19T18:14:31+00:00","description":"Aqu\u00ed tens la recepta del xef Dani Lechuga de garrinet amb pomes. Triomfar\u00e0s segur! Perqu\u00e8 amb aquest fred ve de gust un bon garrinet!","breadcrumb":{"@id":"https:\/\/www.sucarn.es\/ca\/amb-aquest-fred-ve-de-gust-un-bon-garrinet\/#breadcrumb"},"inLanguage":"ca","potentialAction":[{"@type":"ReadAction","target":["https:\/\/www.sucarn.es\/ca\/amb-aquest-fred-ve-de-gust-un-bon-garrinet\/"]}]},{"@type":"ImageObject","inLanguage":"ca","@id":"https:\/\/www.sucarn.es\/ca\/amb-aquest-fred-ve-de-gust-un-bon-garrinet\/#primaryimage","url":"https:\/\/www.sucarn.es\/wp-content\/uploads\/2020\/09\/cochinillo-asado-receta-chef-Dani-Lechuga-SUCARN-252x300.jpg","contentUrl":"https:\/\/www.sucarn.es\/wp-content\/uploads\/2020\/09\/cochinillo-asado-receta-chef-Dani-Lechuga-SUCARN-252x300.jpg"},{"@type":"BreadcrumbList","@id":"https:\/\/www.sucarn.es\/ca\/amb-aquest-fred-ve-de-gust-un-bon-garrinet\/#breadcrumb","itemListElement":[{"@type":"ListItem","position":1,"name":"Home","item":"https:\/\/www.sucarn.es\/ca\/"},{"@type":"ListItem","position":2,"name":"Amb aquest fred, ve de gust un bon garrinet!"}]},{"@type":"WebSite","@id":"https:\/\/www.sucarn.es\/#website","url":"https:\/\/www.sucarn.es\/","name":"Sucarn","description":"Sucarn","publisher":{"@id":"https:\/\/www.sucarn.es\/#organization"},"potentialAction":[{"@type":"SearchAction","target":{"@type":"EntryPoint","urlTemplate":"https:\/\/www.sucarn.es\/?s={search_term_string}"},"query-input":{"@type":"PropertyValueSpecification","valueRequired":true,"valueName":"search_term_string"}}],"inLanguage":"ca"},{"@type":"Organization","@id":"https:\/\/www.sucarn.es\/#organization","name":"Sucarn","url":"https:\/\/www.sucarn.es\/","logo":{"@type":"ImageObject","inLanguage":"ca","@id":"https:\/\/www.sucarn.es\/#\/schema\/logo\/image\/","url":"https:\/\/www.sucarn.es\/wp-content\/uploads\/2018\/03\/LOGO_SUCARN.png","contentUrl":"https:\/\/www.sucarn.es\/wp-content\/uploads\/2018\/03\/LOGO_SUCARN.png","width":300,"height":93,"caption":"Sucarn"},"image":{"@id":"https:\/\/www.sucarn.es\/#\/schema\/logo\/image\/"}},{"@type":"Person","@id":"https:\/\/www.sucarn.es\/#\/schema\/person\/bb166bc856ffb1bb5634ddf0baa2ebe5","name":"Sucarn","url":"https:\/\/www.sucarn.es\/ca\/author\/sucarn\/"}]}},"_links":{"self":[{"href":"https:\/\/www.sucarn.es\/ca\/wp-json\/wp\/v2\/posts\/3285","targetHints":{"allow":["GET"]}}],"collection":[{"href":"https:\/\/www.sucarn.es\/ca\/wp-json\/wp\/v2\/posts"}],"about":[{"href":"https:\/\/www.sucarn.es\/ca\/wp-json\/wp\/v2\/types\/post"}],"author":[{"embeddable":true,"href":"https:\/\/www.sucarn.es\/ca\/wp-json\/wp\/v2\/users\/2"}],"replies":[{"embeddable":true,"href":"https:\/\/www.sucarn.es\/ca\/wp-json\/wp\/v2\/comments?post=3285"}],"version-history":[{"count":2,"href":"https:\/\/www.sucarn.es\/ca\/wp-json\/wp\/v2\/posts\/3285\/revisions"}],"predecessor-version":[{"id":3287,"href":"https:\/\/www.sucarn.es\/ca\/wp-json\/wp\/v2\/posts\/3285\/revisions\/3287"}],"wp:attachment":[{"href":"https:\/\/www.sucarn.es\/ca\/wp-json\/wp\/v2\/media?parent=3285"}],"wp:term":[{"taxonomy":"category","embeddable":true,"href":"https:\/\/www.sucarn.es\/ca\/wp-json\/wp\/v2\/categories?post=3285"},{"taxonomy":"post_tag","embeddable":true,"href":"https:\/\/www.sucarn.es\/ca\/wp-json\/wp\/v2\/tags?post=3285"}],"curies":[{"name":"wp","href":"https:\/\/api.w.org\/{rel}","templated":true}]}}